{"id":3812,"date":"2024-05-14T20:32:56","date_gmt":"2024-05-14T20:32:56","guid":{"rendered":"https:\/\/infogandia.es\/?p=3812"},"modified":"2024-05-14T20:32:56","modified_gmt":"2024-05-14T20:32:56","slug":"la-4a-plaza-del-libro-de-gandia-sumara-colaboradores-y-homenajeara-a-estelles","status":"publish","type":"post","link":"https:\/\/infogandia.es\/index.php\/2024\/05\/14\/la-4a-plaza-del-libro-de-gandia-sumara-colaboradores-y-homenajeara-a-estelles\/","title":{"rendered":"La 4\u00aa Plaza del Libro de Gandia sumar\u00e1 colaboradores y homenajear\u00e1 a Estell\u00e9s"},"content":{"rendered":"\n<p>La capital de la Safor celebra la 4\u00aa Plaza del Libro de Gand\u00eda que, bajo el lema \u201cRa\u00edces y territorio\u201d, tendr\u00e1 lugar del 16 al 19 de mayo. Una vez m\u00e1s, la plaza Jaume I ser\u00e1 el espacio donde se instalar\u00e1 el mayor escaparate de la literatura valenciana, el cual, este a\u00f1o, crece respecto a la edici\u00f3n anterior y suma la participaci\u00f3n de m\u00e1s de una treintena de editoriales e instituciones y cerca de 2.500 t\u00edtulos a disposici\u00f3n del p\u00fablico. Una programaci\u00f3n transversal dirigida a todos los p\u00fablicos, con Vicent Andr\u00e9s Estell\u00e9s y las propuestas arraigadas en el territorio como protagonistas, completar\u00e1 las cuatro jornadas del festival literario.<\/p>\n\n\n\n<p>Este martes, 14 de mayo, la Biblioteca Central de Gandia ha acogido la presentaci\u00f3n a los medios de comunicaci\u00f3n de las principales novedades de la 4a Plaza del Libro celebrada en la Safor. El acto ha contado con las intervenciones de Balbina Sendra, concejala de Cultura, Feria y Fiestas y Bibliotecas del Ayuntamiento de Gandia; Joan Negre, director del Centro de Estudios e Investigaciones Comarcales (CEIC) Alfons el Vell; Francisco Javier Pastor subdirector de Cultura del Campus de Gand\u00eda Universidad Polit\u00e9cnica de Valencia, y Rafael Dom\u00ednguez, director de la Plaza del Libro.<\/p>\n\n\n\n<p>Por su parte, Balbina Sendra, concejala de Cultura, Feria y Fiestas y Bibliotecas ha querido manifestar el \u201cgozo\u201d que significa para el Ayuntamiento de Gandia celebrar la 4a edici\u00f3n del festival literario de la Safor, entidad que ha realizado un \u201c esfuerzo superior\u201d a trav\u00e9s de la implicaci\u00f3n organizativa de instituciones como Instituto Municipal de Archivos y Bibliotecas (IMAB), para que este \u201cconvoy de toda la red de profesionales del libro valenciano\u201d se pueda disfrutar en Gandia.<\/p>\n\n\n\n<p>Adem\u00e1s, en esta cuarta edici\u00f3n, se suma una nueva instituci\u00f3n organizadora, el Centro de Estudios e Investigaciones Comarcales (CEIC) Alfons el Vell, entidad que celebra este a\u00f1o su 40 aniversario y se posiciona como uno de los principales soportes de la Plaza del Libro celebrada en la capital de la Safor. Durante su intervenci\u00f3n, Joan Negre, director del CEIC Alfons el Vell, ha se\u00f1alado que participar &#8220;de manera plena&#8221; en la 4\u00aa edici\u00f3n de la Plaza del Libro de Gandia era &#8220;un paso adelante necesario viendo la deriva que hab\u00eda en la Comunidad Valenciana con este tipo de actividades culturales\u201d. Negre ha remarcado tambi\u00e9n el car\u00e1cter &#8220;transversal&#8221; de su entrada en el festival literario que incluye tambi\u00e9n la organizaci\u00f3n de actividades como &#8216;CEIC Alfons el Vell, 40 a\u00f1os haciendo comarca&#8217;, la mesa redonda en la que participar\u00e1n todos los directores y directoras anteriores del organismo.<\/p>\n\n\n\n<p>Por otra parte, Francisco Javier Pastor subdirector de Cultura del Campus de Gand\u00eda de la Universidad Polit\u00e9cnica de Valencia, ha manifestado el &#8220;placer&#8221; que significa colaborar en el festival literario &#8220;a\u00f1o tras a\u00f1o&#8221;, dada la voluntad del Campus de Gandia &#8220;de estar presente en actividades culturales tan necesarias como la Plaza del Libro de Gand\u00eda&#8221;.<\/p>\n\n\n\n<p>Por \u00faltimo, Rafael Dom\u00ednguez, director de la Plaza del Libro, ha mostrado el agradecimiento de la organizaci\u00f3n a todas las entidades que apoyan la feria y remarcado la importancia de que la Plaza del Libro de Gandia siga sumando &#8220;socios s\u00f3lidos&#8221; que le permitir\u00e1n &#8221; poder resistir en estos tiempos de incertidumbre\u201d.<\/p>\n\n\n\n<p>Vicent Andr\u00e9s Estell\u00e9s y la vinculaci\u00f3n al territorio articulan una programaci\u00f3n transversal<\/p>\n\n\n\n<p>La ciudad de Gandia, cuna hist\u00f3rica para las letras valencianas, volver\u00e1 a reflejar sus ra\u00edces en la programaci\u00f3n de la 4\u00aa edici\u00f3n de su Plaza del Libro. Marcadas por un perfil transversal y dirigidas a todos los p\u00fablicos, las m\u00e1s de 40 actividades gratuitas previstas en el evento contar\u00e1n con una presencia destacada de Vicent Andr\u00e9s Estell\u00e9s y la vinculaci\u00f3n al territorio a trav\u00e9s de presentaciones de las principales novedades literarias, recitales po\u00e9ticos, mesas redondas, exposiciones o talleres, entre otras acciones, seg\u00fan detall\u00f3 Rafael Dom\u00ednguez, director de la Plaza del Libro, durante la presentaci\u00f3n.<\/p>\n\n\n\n<p>Las propuestas con gusto saforense ser\u00e1n una de las principales consignas que definir\u00e1n el programa con acciones como &#8216;\u00a1Tasta el valenci\u00e0! Las Cocas de la Safor&#8217;, que tendr\u00e1 lugar en la Biblioteca Central, y estar\u00e1 a cargo de Xon Dom\u00e9nec bajo la organizaci\u00f3n de la Coordinadora por el Valenciano Safor-Valldigna de Escola Valenciana. Pilar Gregori, presidenta de la entidad c\u00edvica, define la Plaza del Libro de Gandia como una \u201coportunidad \u00fanica\u201d para presentar a la ciudadan\u00eda proyectos de promoci\u00f3n ling\u00fc\u00edstica como &#8216;Tasta el valenci\u00e0&#8217;, iniciativa que, explica, \u201cacerca la lengua a los reci\u00e9n llegados a trav\u00e9s del vocabulario genuino ligado a nuestra gastronom\u00eda\u201d. Por otro lado, tambi\u00e9n tendr\u00e1n lugar actividades como la presentaci\u00f3n del libro &#8216;Nuestros arroces&#8217;, de Ximo Carri\u00f3n, editado por Drassana, o el showcooking que, bajo la organizaci\u00f3n de la Universidad Polit\u00e9cnica de Valencia, llevar\u00e1 a cabo Jos\u00e9 Ismael Gimeno con el nombre de &#8216;Mositos de literatura. Estellase gastron\u00f3mico\u201d.<\/p>\n\n\n\n<p>Precisamente, en el a\u00f1o del centenario de su nacimiento, el poeta de Burjassot ser\u00e1 otro de los hilos conductores de esta edici\u00f3n del festival literario. &#8216;Musicar Estell\u00e9s&#8217;, la mesa redonda organizada por Cefire Gandia y CEIC Alfons el Vell, en la que participar\u00e1n los cantautores Eva D\u00e9nia, Pau Alabajos y Andreu Valor; el teatro infantil &#8216;El hijo del panadero&#8217;, a cargo de Disparat\u00e1rio, ser\u00e1n algunas de las propuestas que girar\u00e1n en torno al escritor valenciano.<\/p>\n\n\n\n<p>Pero no ser\u00e1 Estell\u00e9s el \u00fanico poeta homenajeado en la feria, Maria Ibars, Escritora del A\u00f1o 2024 de la Academia Valenciana de la Lengua (AVL), tambi\u00e9n formar\u00e1 parte a trav\u00e9s de &#8216;Poes\u00eda y paisaje&#8217;, acto organizado por la AVL, moderado por Maria \u00c0ngels Franc\u00e9s, y que contar\u00e1 con la participaci\u00f3n de Maria Josep Escriv\u00e0 y Josep Llu\u00eds Roig.<\/p>\n\n\n\n<p>Por otra parte, la Plaza del Libro de Gandia tambi\u00e9n acoger\u00e1 &#8216;Elles: constelaci\u00f3n po\u00e9tica&#8217;, un recital musicado por Clara Andr\u00e9s que, con la organizaci\u00f3n de Acci\u00f3 Cultural del Pa\u00eds Valenci\u00e0, reunir\u00e1 las voces de Anna Ballester, Anna Gascon, Mar\u00eda Josep Escriv\u00e1, Isabel Canet, Rosa Mar\u00eda Sabater, Anna Chover, Imma M\u00e0nyez y la vicesecretaria de Acci\u00f3n Cultural del Pa\u00eds Valenciano (ACPV) Josepa Costa, quien recuerda el apoyo de ACPV desde la primera edici\u00f3n de la Plaza del Libro a trav\u00e9s de proyectos musicales de autores y autoras valencianas por tratarse de una \u201cacertada iniciativa\u201d que trabaja por la promoci\u00f3n y normalizaci\u00f3n de la lengua y cultura propia.<\/p>\n\n\n\n<p>Por \u00faltimo, Rafael Dom\u00ednguez, ha concluido el acto de presentaci\u00f3n a medios invitando a disfrutar de los 2.500 t\u00edtulos, &#8220;para todas las edades y gustos&#8221;, que este a\u00f1o llenar\u00e1n las estanter\u00edas de un espacio de librer\u00eda dirigido por Ambra Llibres, Gavina Llibres y Librer\u00eda Ferrer.<\/p>\n\n\n\n<p>La Plaza del Libro de Gandia es un proyecto organizado por la Fundaci\u00f3n FULL \u2013 Fundaci\u00f3n para el Libro y la Lectura, el Instituto Municipal de Archivos y Bibliotecas del Ayuntamiento de Gandia (IMAB), el CEIC Alfons el Vell y el Ayuntamiento de Gandia y cuenta con la colaboraci\u00f3n Acci\u00f3 Cultural del Pa\u00eds Valenci\u00e0 (ACPV), la Asociaci\u00f3n de Escritores en Lengua Catalana (AELC), la Asociaci\u00f3n de Editoriales del Pa\u00eds Valenci\u00e0 (AEPV), Safor\u00edsimos Sociedad Literaria, la Universidad Polit\u00e9cnica de Valencia (UPV), la Academia Valenciana de la Lengua (AVL) y el CEFIRE de Gandia.<\/p>\n","protected":false},"excerpt":{"rendered":"<p>La capital de la Safor celebra la 4\u00aa Plaza del Libro de Gand\u00eda que, bajo el lema \u201cRa\u00edces y territorio\u201d, tendr\u00e1 lugar del 16 al 19 de mayo. Una vez m\u00e1s, la plaza Jaume I ser\u00e1 el espacio donde se instalar\u00e1 el mayor escaparate de la literatura valenciana, el cual, este a\u00f1o, crece respecto a&#8230;<\/p>\n","protected":false},"author":1,"featured_media":3813,"comment_status":"open","ping_status":"open","sticky":false,"template":"","format":"standard","meta":{"footnotes":""},"categories":[1,27],"tags":[],"class_list":["post-3812","post","type-post","status-publish","format-standard","has-post-thumbnail","hentry","category-actualidad","category-sociedad"],"_links":{"self":[{"href":"https:\/\/infogandia.es\/index.php\/wp-json\/wp\/v2\/posts\/3812","targetHints":{"allow":["GET"]}}],"collection":[{"href":"https:\/\/infogandia.es\/index.php\/wp-json\/wp\/v2\/posts"}],"about":[{"href":"https:\/\/infogandia.es\/index.php\/wp-json\/wp\/v2\/types\/post"}],"author":[{"embeddable":true,"href":"https:\/\/infogandia.es\/index.php\/wp-json\/wp\/v2\/users\/1"}],"replies":[{"embeddable":true,"href":"https:\/\/infogandia.es\/index.php\/wp-json\/wp\/v2\/comments?post=3812"}],"version-history":[{"count":1,"href":"https:\/\/infogandia.es\/index.php\/wp-json\/wp\/v2\/posts\/3812\/revisions"}],"predecessor-version":[{"id":3814,"href":"https:\/\/infogandia.es\/index.php\/wp-json\/wp\/v2\/posts\/3812\/revisions\/3814"}],"wp:featuredmedia":[{"embeddable":true,"href":"https:\/\/infogandia.es\/index.php\/wp-json\/wp\/v2\/media\/3813"}],"wp:attachment":[{"href":"https:\/\/infogandia.es\/index.php\/wp-json\/wp\/v2\/media?parent=3812"}],"wp:term":[{"taxonomy":"category","embeddable":true,"href":"https:\/\/infogandia.es\/index.php\/wp-json\/wp\/v2\/categories?post=3812"},{"taxonomy":"post_tag","embeddable":true,"href":"https:\/\/infogandia.es\/index.php\/wp-json\/wp\/v2\/tags?post=3812"}],"curies":[{"name":"wp","href":"https:\/\/api.w.org\/{rel}","templated":true}]}}