{"id":3815,"date":"2024-05-14T20:33:35","date_gmt":"2024-05-14T20:33:35","guid":{"rendered":"https:\/\/infogandia.es\/?p=3815"},"modified":"2024-05-14T20:33:35","modified_gmt":"2024-05-14T20:33:35","slug":"luz-verde-en-la-transformacion-del-puerto-de-gandia-con-la-cesion-de-terrenos-para-el-instituto-espanol-de-oceanografia-csic","status":"publish","type":"post","link":"https:\/\/infogandia.es\/index.php\/2024\/05\/14\/luz-verde-en-la-transformacion-del-puerto-de-gandia-con-la-cesion-de-terrenos-para-el-instituto-espanol-de-oceanografia-csic\/","title":{"rendered":"Luz verde en la transformaci\u00f3n del Puerto de Gandia con la cesi\u00f3n de terrenos para el Instituto Espa\u00f1ol de Oceanograf\u00eda-CSIC"},"content":{"rendered":"\n<p>Gandia da un importante paso en la gran transformaci\u00f3n del Puerto para hacer de este lugar un espacio generador de oportunidades y dinamizador de la econom\u00eda, abierto a la ciudadan\u00eda ya los visitantes. El alcalde Jos\u00e9 Manuel Prieto ha mantenido esta ma\u00f1ana una reuni\u00f3n en el ayuntamiento con el secretario de Estado de Transportes y Movilidad Sostenible, Jos\u00e9 Antonio Santano, y con el presidente de Puertos del Estado, \u00c1lvaro Rodr\u00edguez, en la que se se ha avanzado en diferentes proyectos relacionados con el Puerto y con diferentes infraestructuras viarias y ferroviarias.<\/p>\n\n\n\n<p>En primer lugar, Santano ha anunciado que ya se ha firmado una Orden Ministerial que ha aprobado la Delimitaci\u00f3n de Espacios y Usos Portuarios (DEUP), en la que se establece la zona de servicio portuario y los usos de cada \u00e1mbito del puerto de Gand\u00eda. Este tr\u00e1mite permite la cesi\u00f3n del uso de los terrenos de Puertos del Estado al Ministerio de Ciencia, Innovaci\u00f3n y Universidades, concretamente en el Consejo Superior de Investigaciones Cient\u00edficas (CSIC), para la construcci\u00f3n de una sede del Instituto Espa\u00f1ol de Oceanograf\u00eda (IEO), que ser\u00eda la primera de la Comunidad Valenciana.<\/p>\n\n\n\n<p>Cabe recordar que la ministra de Ciencia, Innovaci\u00f3n y Universidades y ex alcaldesa de Gandia, Diana Morant, ya comunic\u00f3 en octubre una inversi\u00f3n de 16 millones de euros para abrir un nuevo centro de investigaci\u00f3n IEO-CSIC en el Puerto .<\/p>\n\n\n\n<p>Tal y como ha explicado el secretario de Estado, el Instituto Espa\u00f1ol de Oceanograf\u00eda, es una pieza clave en el conocimiento cient\u00edfico relacionado con los oc\u00e9anos, la sostenibilidad de los recursos pesqueros y el medio ambiente marino. Santano ha destacado la importancia de este tipo de proyectos que velan por la protecci\u00f3n del medio marino y ha mostrado su firme compromiso para apoyar estas iniciativas orientadas a investigar y asesorar respecto a la protecci\u00f3n y la sostenibilidad de nuestros mares como a recurso natural imprescindible.<\/p>\n\n\n\n<p>Por su parte, el alcalde ha remarcado que la sede del IEO estar\u00e1 dotada de 50 investigadores, &#8220;con lo que esto supondr\u00e1 en lo referente a los estudios marinos, la investigaci\u00f3n en biodiversidad marina o el \u00e1mbito de cuidados del mar&#8221;. El hecho de que exista en Gandia un Instituto de Oceanograf\u00eda referente a Espa\u00f1a es \u201cuna de las noticias m\u00e1s importantes para Gandia de los \u00faltimos a\u00f1os, por la inversi\u00f3n econ\u00f3mica, pero tambi\u00e9n por el retorno de esa inversi\u00f3n econ\u00f3mica\u201d.<\/p>\n\n\n\n<p>Gesti\u00f3n y mantenimiento de espacios por parte del Ayuntamiento<\/p>\n\n\n\n<p>La aprobaci\u00f3n de la DEUP tambi\u00e9n permitir\u00e1 la firma de un convenio que permitir\u00e1 a la vez la gesti\u00f3n y mantenimiento de determinados espacios por parte del Ayuntamiento de Gandia, como el Muelle de los Borja, el Paseo del Espig\u00f3n, el entorno a la iglesia de San Nicol\u00e1s y la Lonja de Pesca. &#8220;Todos ellos ser\u00e1n entornos que a partir de ahora gestionar\u00e1 el Ayuntamiento en clave de ciudad, no en clave de puerto&#8221;, ha apuntado el secretario de Estado. Ambas partes se comprometieron a sumar esfuerzos para mejorar el mantenimiento de toda esta zona estrat\u00e9gica, adem\u00e1s de reforzar el componente de seguridad.<\/p>\n\n\n\n<p>Y por \u00faltimo, la DEUP tambi\u00e9n permitir\u00e1 impulsar el proyecto de mejora y recuperaci\u00f3n de los tinglados y la interacci\u00f3n puerto-ciudad. \u00c9ste, seg\u00fan el alcalde, es un proyecto estrat\u00e9gico y vital, una iniciativa de 6 millones de euros. A principios de a\u00f1o se adjudic\u00f3 por casi 140.000 euros la redacci\u00f3n del proyecto de urbanizaci\u00f3n del entorno de los tinglados.<\/p>\n\n\n\n<p>Conexi\u00f3n CV-60 y AP-7<\/p>\n\n\n\n<p>En la reuni\u00f3n, tambi\u00e9n se adelant\u00f3 en el protocolo a tres bandas (Ministerio, Generalitat y Ayuntamiento) sobre la conexi\u00f3n entre la CV-60 y la AP-7. En este sentido, se convocar\u00e1 una reuni\u00f3n para concretar ese protocolo e incluir plazos de ejecuci\u00f3n de la CV-60 y la AP-7. \u201cMientras que la Generalitat desarrolla el proyecto de CV-60 queda por definir la soluci\u00f3n t\u00e9cnica de enlace entre la CV-60 y la antigua autopista. No somos una ciudad en ese momento conectada a la autopista y eso es algo que queremos revertir. \u00c9sta puede ser la legislatura en la que la ciudad tenga trazada su conexi\u00f3n a la AP7, algo imprescindible en t\u00e9rminos de competitividad econ\u00f3mica, de dinamismo para el turismo y para nuestra industria y empresas\u201d.<\/p>\n\n\n\n<p>Por su parte, el secretario de Estado de Transportes remarc\u00f3 que se avanz\u00f3 en lo referente a la conexi\u00f3n de la CV-60 con la AP-7 con estudios de tr\u00e1fico.<\/p>\n\n\n\n<p>Protocolo de infraestructuras viarias<\/p>\n\n\n\n<p>Por otra parte, tambi\u00e9n se ha avanzado en el protocolo de infraestructuras viarias entre el Ministerio y el Ayuntamiento para la mejora de los accesos a Gandia, en la playa y la conectividad del Castillo de Bair\u00e9n con la Marjal. &#8220;Hemos avanzado en la definici\u00f3n del protocolo que incluye mejoras en infraestructuras viarias del entorno de nuestra ciudad, que firmaremos muy pronto entre el Ayuntamiento y el Ministerio&#8221;, ha subrayado Prieto.<\/p>\n\n\n\n<p>Tranv\u00eda Gandia-Denia<\/p>\n\n\n\n<p>Respecto a las infraestructuras ferroviarias, el alcalde ha avanzado que tiene una reuni\u00f3n prevista el mi\u00e9rcoles con el alcalde de D\u00e9nia &#8220;para avanzar en una soluci\u00f3n t\u00e9cnica viable y que solucione definitivamente las conexiones entre las comarcas de la Safor y la Marina&#8221;. &#8220;Propondremos tambi\u00e9n una reuni\u00f3n a tres bandas, entre la Generalitat, el Ministerio y los alcaldes de las poblaciones por donde pasa el trazado para poder acertar con una soluci\u00f3n definitiva de Tren Tram (tranv\u00eda) sin descartar ninguna opci\u00f3n&#8221;.<\/p>\n\n\n\n<p>Tras la reuni\u00f3n, el secretario de Estado de Transportes y Movilidad Sostenible y el presidente de Puertos del Estado firmaron en el Libro de Honor de la Ciudad.<\/p>\n","protected":false},"excerpt":{"rendered":"<p>Luz verde en la transformaci\u00f3n del Puerto de Gandia con la cesi\u00f3n de terrenos para el Instituto Espa\u00f1ol de Oceanograf\u00eda-CSIC.<\/p>\n","protected":false},"author":1,"featured_media":3816,"comment_status":"open","ping_status":"open","sticky":false,"template":"","format":"standard","meta":{"footnotes":""},"categories":[1],"tags":[],"class_list":["post-3815","post","type-post","status-publish","format-standard","has-post-thumbnail","hentry","category-actualidad"],"_links":{"self":[{"href":"https:\/\/infogandia.es\/index.php\/wp-json\/wp\/v2\/posts\/3815","targetHints":{"allow":["GET"]}}],"collection":[{"href":"https:\/\/infogandia.es\/index.php\/wp-json\/wp\/v2\/posts"}],"about":[{"href":"https:\/\/infogandia.es\/index.php\/wp-json\/wp\/v2\/types\/post"}],"author":[{"embeddable":true,"href":"https:\/\/infogandia.es\/index.php\/wp-json\/wp\/v2\/users\/1"}],"replies":[{"embeddable":true,"href":"https:\/\/infogandia.es\/index.php\/wp-json\/wp\/v2\/comments?post=3815"}],"version-history":[{"count":1,"href":"https:\/\/infogandia.es\/index.php\/wp-json\/wp\/v2\/posts\/3815\/revisions"}],"predecessor-version":[{"id":3821,"href":"https:\/\/infogandia.es\/index.php\/wp-json\/wp\/v2\/posts\/3815\/revisions\/3821"}],"wp:featuredmedia":[{"embeddable":true,"href":"https:\/\/infogandia.es\/index.php\/wp-json\/wp\/v2\/media\/3816"}],"wp:attachment":[{"href":"https:\/\/infogandia.es\/index.php\/wp-json\/wp\/v2\/media?parent=3815"}],"wp:term":[{"taxonomy":"category","embeddable":true,"href":"https:\/\/infogandia.es\/index.php\/wp-json\/wp\/v2\/categories?post=3815"},{"taxonomy":"post_tag","embeddable":true,"href":"https:\/\/infogandia.es\/index.php\/wp-json\/wp\/v2\/tags?post=3815"}],"curies":[{"name":"wp","href":"https:\/\/api.w.org\/{rel}","templated":true}]}}