{"id":3826,"date":"2024-05-14T20:34:37","date_gmt":"2024-05-14T20:34:37","guid":{"rendered":"https:\/\/infogandia.es\/?p=3826"},"modified":"2024-05-14T20:34:37","modified_gmt":"2024-05-14T20:34:37","slug":"oliva-recupera-la-gala-del-deporte-y-presenta-sus-actividades-para-estos-meses","status":"publish","type":"post","link":"https:\/\/infogandia.es\/index.php\/2024\/05\/14\/oliva-recupera-la-gala-del-deporte-y-presenta-sus-actividades-para-estos-meses\/","title":{"rendered":"Oliva recupera la Gala del Deporte y presenta sus actividades para estos meses"},"content":{"rendered":"\n<p>La alcaldesa de Oliva, Yolanda Pastor; el edil de Deportes, Joan Mascarell; y el de Turismo, Salvador Llopis, han presentado esta ma\u00f1ana los acontecimientos programados, que este a\u00f1o se incluir\u00e1n en la programaci\u00f3n de la Feria y Fiestas de Oliva 2024. Tambi\u00e9n han estado en la presentaci\u00f3n el presidente de la Asociaci\u00f3n Local de Entidades Deportivas de Oliva (Aleeo), Francisco Escriv\u00e0 Mata; el trinqueter y ex jugador de pilota valenciana Paco Brines (Coheter II), y el presidente del Club Triatl\u00f3n Oliva, \u00c1lex Benimeli.<\/p>\n\n\n\n<p>Joan Mascarell, edil de Deportes ha dicho que &#8220;hoy presentamos la intensa programaci\u00f3n deportiva que hemos preparado para el mes de junio, con m\u00e1s de 30 acontecimientos, 6 campus de verano y 5 galas de fin de temporada. Hemos querido incluir los principales eventos en la programaci\u00f3n de la Feria y Fiestas para darle m\u00e1s relevo. Estamos especialmente orgullosos de la recuperaci\u00f3n de la Gala del Deporte, dtras 6 a\u00f1os sin realizarse, con nuevas bases y abriendo la Gala a la participaci\u00f3n de las entidades deportivas.&#8221;<\/p>\n\n\n\n<p>El presidente de la Aleeo, Francisco Escriv\u00e0 Mata, ha reconocido que est\u00e1n &#8220;muy contentos y agradecidos que se haya recuperado la Gala del Deporte. Adem\u00e1s tendr\u00e1 dos novedades importantes: a partir de ahora ser\u00e1 anual y se celebrar\u00e1 en el parque de la Estaci\u00f3n. S\u00e9 que los clubes est\u00e1n ilusionados y presentar\u00e1n a sus candidatos para las categor\u00edas programadas: mejor deportista o equipo local, mejor deportista o equipo de cada entidad deportiva, trayectoria, y reconocimiento al fomento y promoci\u00f3n del deporte&#8221;.<\/p>\n\n\n\n<p>Yolanda Pastor, como alcaldesa de Oliva ha explicado que &#8220;tengo que agradecer el trabajo de todos los departamentos porque tendremos un mes de junio lleno de actividades, con la Feria y Fiestas y con toda la programaci\u00f3n deportiva. Estamos muy contentos de todas las actividades que se est\u00e1n programando con la colaboraci\u00f3n de varios departamentos, como por ejemplo la Wing Foil, en la que participan Deportes y Turismo. Y tambi\u00e9n con la Gala del Deporte, porque el ayuntamiento tiene que reconocer el esfuerzo y el trabajo de nuestros deportistas y clubes, y el hecho que llevan el nombre de Oliva all\u00e1 donde van&#8221;.<\/p>\n\n\n\n<p>Esta es la programaci\u00f3n presentada:<br>Gala de Clausura de los XLII Juegos Deportivos Fase Local<br>Viernes, 7 de junio, a las 17.00 h, en el Pabell\u00f3n Deportivo Municipal. Es el acto donde se entregar\u00e1n las medallas a todos los participantes de los juegos deportivos. Con m\u00e1s de 500 participantes.<\/p>\n\n\n\n<p>Gala del Deporte Ciudad de Oliva 2024<br>Viernes,14 de junio, a las 19.30 h en el Parque de la Estaci\u00f3n. Despu\u00e9s de 6 a\u00f1os volver\u00e1 a celebrarse la Gala del Deporte de Oliva con la novedad que hay 4 categor\u00edas de premios: Mejor deportista o equipo local; Mejor deportista o equipo de cada entidad deportiva; Premio especial a la trayectoria deportiva; Premio especial de reconocimiento al fomento y promoci\u00f3n del deporte.<br>Cada entidad deportiva local podr\u00e1 presentar la propuesta para la entrega del premio al mejor deportista o equipo de su club o asociaci\u00f3n deportiva, as\u00ed como una propuesta para los otros premios, atendidas las bases que regulan la Gala del Deporte Ciudad de Oliva 2024. El plazo de presentaci\u00f3n de las propuestas es del 1 al 30 de mayo de 2024 en el Registro General del Ayuntamiento de manera telem\u00e1tica.<\/p>\n\n\n\n<p>I Triatl\u00f3n Ol\u00edmpico y Sprint H&amp;M Oliva<br>Ya hay m\u00e1s de 200 personas inscritas para participar. Domingo, 16 de junio, a las 8.30\u202fh en la playa de la Mitja Galta ser\u00e1 la salida. Vuelve uno de los triatlones m\u00e1s antiguos de la Comunitat Valenciana con nueva organizaci\u00f3n y nuevo circuito de bici.<\/p>\n\n\n\n<p>Copa de Espa\u00f1a de Wing Foil 2024 y Final del Circuito Nacional Spain Wing Foil 2024<br>Oorganizadas por las concejal\u00edas de Deportes y Turismo y con la presencia del edil de Turismo, Salva Llopis, ser\u00e1 desde el viernes, 14 de junio, hasta el domingo, 16 de junio, en la parte de la posta de la Cruz Roja de la playa de Oliva. El horario no est\u00e1 definido porque depender\u00e1 del viento, pero la competici\u00f3n tendr\u00e1 lugar a lo largo de los 3 d\u00edas.<\/p>\n\n\n\n<p>XXVI Trofeo de Pilota Gregori Maians de Oliva<br>Martes, 18 de junio, y viernes, 21 de junio, las 2 semifinales y martes 25 de junio la Gran Final. Es uno de los trofeos de pilota en modalidad raspall m\u00e1s importantes y antiguos de la Comunitat Valenciana. Por primera vez desde hace muchos a\u00f1os se ha cambiado al mes de junio porque hace menos calor y para coincidir con la Feria y Fiestas.<\/p>\n","protected":false},"excerpt":{"rendered":"<p>La alcaldesa de Oliva, Yolanda Pastor; el edil de Deportes, Joan Mascarell; y el de Turismo, Salvador Llopis, han presentado esta ma\u00f1ana los acontecimientos programados, que este a\u00f1o se incluir\u00e1n en la programaci\u00f3n de la Feria y Fiestas de Oliva 2024. Tambi\u00e9n han estado en la presentaci\u00f3n el presidente de la Asociaci\u00f3n Local de Entidades&#8230;<\/p>\n","protected":false},"author":1,"featured_media":3818,"comment_status":"open","ping_status":"open","sticky":false,"template":"","format":"standard","meta":{"footnotes":""},"categories":[1],"tags":[],"class_list":["post-3826","post","type-post","status-publish","format-standard","has-post-thumbnail","hentry","category-actualidad"],"_links":{"self":[{"href":"https:\/\/infogandia.es\/index.php\/wp-json\/wp\/v2\/posts\/3826","targetHints":{"allow":["GET"]}}],"collection":[{"href":"https:\/\/infogandia.es\/index.php\/wp-json\/wp\/v2\/posts"}],"about":[{"href":"https:\/\/infogandia.es\/index.php\/wp-json\/wp\/v2\/types\/post"}],"author":[{"embeddable":true,"href":"https:\/\/infogandia.es\/index.php\/wp-json\/wp\/v2\/users\/1"}],"replies":[{"embeddable":true,"href":"https:\/\/infogandia.es\/index.php\/wp-json\/wp\/v2\/comments?post=3826"}],"version-history":[{"count":1,"href":"https:\/\/infogandia.es\/index.php\/wp-json\/wp\/v2\/posts\/3826\/revisions"}],"predecessor-version":[{"id":3827,"href":"https:\/\/infogandia.es\/index.php\/wp-json\/wp\/v2\/posts\/3826\/revisions\/3827"}],"wp:featuredmedia":[{"embeddable":true,"href":"https:\/\/infogandia.es\/index.php\/wp-json\/wp\/v2\/media\/3818"}],"wp:attachment":[{"href":"https:\/\/infogandia.es\/index.php\/wp-json\/wp\/v2\/media?parent=3826"}],"wp:term":[{"taxonomy":"category","embeddable":true,"href":"https:\/\/infogandia.es\/index.php\/wp-json\/wp\/v2\/categories?post=3826"},{"taxonomy":"post_tag","embeddable":true,"href":"https:\/\/infogandia.es\/index.php\/wp-json\/wp\/v2\/tags?post=3826"}],"curies":[{"name":"wp","href":"https:\/\/api.w.org\/{rel}","templated":true}]}}