{"id":3828,"date":"2024-05-14T20:36:18","date_gmt":"2024-05-14T20:36:18","guid":{"rendered":"https:\/\/infogandia.es\/?p=3828"},"modified":"2024-05-14T20:36:18","modified_gmt":"2024-05-14T20:36:18","slug":"el-pp-de-gandia-agradece-el-compromiso-de-mazon-con-gandia","status":"publish","type":"post","link":"https:\/\/infogandia.es\/index.php\/2024\/05\/14\/el-pp-de-gandia-agradece-el-compromiso-de-mazon-con-gandia\/","title":{"rendered":"El PP de Gandia agradece el compromiso de Maz\u00f3n con Gandia"},"content":{"rendered":"\n<p>El Partido Popular de Gandia ha agradecido la implicaci\u00f3n del president de la Generalitat Valenciana, Carlos Maz\u00f3n para con la ciudad de Gandia y que se hace patente, &#8221;una vez m\u00e1s, tras el pago de 2.4 millones de euros para la compra del antiguo edificio de Correos&#8221;.<\/p>\n\n\n\n<p>Los Populares lamentan &#8221;el sectarismo con el que, una vez m\u00e1s, est\u00e1 actuando el alcalde socialista Prieto, quien ha nombrado a seis personas del gobierno para formar parte de la comisi\u00f3n que determinar\u00e1 los futuros usos de este edificio, dejando fuera, como suele hacer, a los miembros de la oposici\u00f3n. Es lamentable que no se haga part\u00edcipe a todos los grupos integrantes del consistorio de una comisi\u00f3n tan importante como esta&#8221;.<\/p>\n\n\n\n<p>Guillermo Barber Fuster, portavoz del PP en el ayuntamiento de Gandia, ha pedido &#8221;por en\u00e9sima vez a Prieto que deje de actuar como si el ayuntamiento fuera una extensi\u00f3n del PSOE y permita que la oposici\u00f3n pueda tambi\u00e9n aportar ideas y colaborar en esa Gandia mejor que todos queremos&#8221;.<\/p>\n\n\n\n<p>El portavoz popular ha concluido se\u00f1alando que \u201cel ayuntamiento debe ser una entidad transversal y no politizada, m\u00e1s a\u00fan cuando vemos que el president de la Generalitat y el Partido Popular en el gobierno de la Generalitat, act\u00faa de una manera transversal y en beneficio de los ciudadanos, muy al contrario de la formas sectarias que exhibe una y otra vez el socialista Jos\u00e9 Manuel Prieto\u201d.<\/p>\n","protected":false},"excerpt":{"rendered":"<p>El Partido Popular de Gandia ha agradecido la implicaci\u00f3n del president de la Generalitat Valenciana, Carlos Maz\u00f3n para con la ciudad de Gandia y que se hace patente, &#8221;una vez m\u00e1s, tras el pago de 2.4 millones de euros para la compra del antiguo edificio de Correos&#8221;. Los Populares lamentan &#8221;el sectarismo con el que,&#8230;<\/p>\n","protected":false},"author":1,"featured_media":3819,"comment_status":"open","ping_status":"open","sticky":false,"template":"","format":"standard","meta":{"footnotes":""},"categories":[1,3],"tags":[],"class_list":["post-3828","post","type-post","status-publish","format-standard","has-post-thumbnail","hentry","category-actualidad","category-politica"],"_links":{"self":[{"href":"https:\/\/infogandia.es\/index.php\/wp-json\/wp\/v2\/posts\/3828","targetHints":{"allow":["GET"]}}],"collection":[{"href":"https:\/\/infogandia.es\/index.php\/wp-json\/wp\/v2\/posts"}],"about":[{"href":"https:\/\/infogandia.es\/index.php\/wp-json\/wp\/v2\/types\/post"}],"author":[{"embeddable":true,"href":"https:\/\/infogandia.es\/index.php\/wp-json\/wp\/v2\/users\/1"}],"replies":[{"embeddable":true,"href":"https:\/\/infogandia.es\/index.php\/wp-json\/wp\/v2\/comments?post=3828"}],"version-history":[{"count":1,"href":"https:\/\/infogandia.es\/index.php\/wp-json\/wp\/v2\/posts\/3828\/revisions"}],"predecessor-version":[{"id":3829,"href":"https:\/\/infogandia.es\/index.php\/wp-json\/wp\/v2\/posts\/3828\/revisions\/3829"}],"wp:featuredmedia":[{"embeddable":true,"href":"https:\/\/infogandia.es\/index.php\/wp-json\/wp\/v2\/media\/3819"}],"wp:attachment":[{"href":"https:\/\/infogandia.es\/index.php\/wp-json\/wp\/v2\/media?parent=3828"}],"wp:term":[{"taxonomy":"category","embeddable":true,"href":"https:\/\/infogandia.es\/index.php\/wp-json\/wp\/v2\/categories?post=3828"},{"taxonomy":"post_tag","embeddable":true,"href":"https:\/\/infogandia.es\/index.php\/wp-json\/wp\/v2\/tags?post=3828"}],"curies":[{"name":"wp","href":"https:\/\/api.w.org\/{rel}","templated":true}]}}