{"id":3832,"date":"2024-05-14T20:37:05","date_gmt":"2024-05-14T20:37:05","guid":{"rendered":"https:\/\/infogandia.es\/?p=3832"},"modified":"2024-05-14T20:37:05","modified_gmt":"2024-05-14T20:37:05","slug":"la-ix-edicion-de-la-fira-del-major-llega-hoy-a-gandia-con-propuestas-para-la-gente-de-edad-avanzada","status":"publish","type":"post","link":"https:\/\/infogandia.es\/index.php\/2024\/05\/14\/la-ix-edicion-de-la-fira-del-major-llega-hoy-a-gandia-con-propuestas-para-la-gente-de-edad-avanzada\/","title":{"rendered":"La IX edici\u00f3n de la &#8216;Fira del Major&#8217; llega hoy a Gandia con propuestas para la gente de edad avanzada"},"content":{"rendered":"\n<p>&#8220;La Casa de la Cultura es un lugar id\u00f3neo para que las empresas, colectivos y profesionales puedan ofrecer sus productos y servicios al p\u00fablico. De este modo, las dos jornadas se convierten en un escaparate de informaci\u00f3n y actividades dedicadas, expresamente, a la gente mayor de la ciudad&#8221;, ha comentado la regidora.<\/p>\n\n\n\n<p>&#8220;Adem\u00e1s de todas las actividades programadas, el acontecimiento contar\u00e1 con 13 estands informativos que abrir\u00e1n de 10 a 13 horas y de 17 a 19:30 horas. En estos, la gente mayor de Gandia se podr\u00e1 informar sobre los servicios de teleasistencia y de salud auditiva de la ciudad, la oferta de viajes y balnearios que ofrecen las empresas del municipio, los diferentes cursos que pueden hacer, etc.&#8221;, ha explicado Ferrer.<\/p>\n\n\n\n<p>La coordinadora tambi\u00e9n ha recordado que todas las propuestas del programa son gratuitas y est\u00e1n abiertas al p\u00fablico a excepci\u00f3n de la caminata de mi\u00e9rcoles.<\/p>\n\n\n\n<p>Por su parte, Codina ha animado todas las personas grandes del municipio a disfrutar de esta Feria que cuenta con &#8220;un amplio n\u00famero de talleres, exhibiciones y actividades pensadas para que disfruten de una feria especial&#8221;.<\/p>\n\n\n\n<p>El acontecimiento se inaugurar\u00e1 a las 10.30 h de ma\u00f1ana con la entrega de premios del concurso que los diferentes grupos de pintura de los centros de gente mayor de la ciudad llevaron a cabo para decidir qu\u00e9 dibujo encabezaba el cartel de la Fira de este a\u00f1o. La ganadora fue Rosa Cloquell Ferrandis, usuaria del Centro de Pintura del CEA Gandia.<\/p>\n\n\n\n<p>Despu\u00e9s, los asistentes podr\u00e1n disfrutar de diferentes actividades. Entre otras cosas, habr\u00e1 una sesi\u00f3n de gimnasia a las 10.30 h, una master class de automasajes a las 11.30 h, y otra clase de zumba a las 12 h. La ma\u00f1ana acabar\u00e1 a las 12.30 h con el showcooking y la degustaci\u00f3n de fideu\u00e0 a cargo de la Asociaci\u00f3n Gastron\u00f3mica de Gandia.<\/p>\n\n\n\n<p>La tarde continuar\u00e1 con una exhibici\u00f3n de baile en l\u00ednea a las 17 h, otra de danzas valencianas a las 17:30 h, y una de bailes de sal\u00f3n a las 17.45 h. Despu\u00e9s, ser\u00e1 el turno del alumnado de la escuela de danza Rapsodia, que actuar\u00e1 a las 17:55 h.<\/p>\n\n\n\n<p>A las 18.20 h, los integrantes del curso de coreograf\u00eda del Centro de Ro\u00eds de Corella llevar\u00e1n a cabo un tributo a ABBA y, a las 18.35 h, el grupo de orfe\u00f3n del Centro de Convivencia de Corea cerrar\u00e1 el primer d\u00eda.<br>La programaci\u00f3n de mi\u00e9rcoles arrancar\u00e1 a las 9:45 h con una caminata y seguir\u00e1 a las 10 de la ma\u00f1ana con el taller de pintura en la calle &#8216;Pintar Naturalmente&#8217;. A las 11 h se har\u00e1 una master class de yoga con silla y a las 12 habr\u00e1 otra de &#8216;Fit Flam&#8217;.<\/p>\n\n\n\n<p>La tarde empezar\u00e1 con una exhibici\u00f3n de sevillanas a las 17 h y continuar\u00e1 con otra de baile en l\u00ednea a las 17:30 h. A las 18 h, los alumnos de baile de coreograf\u00eda del Centro de Convivencia de Corea har\u00e1n otro tributo, esta vez a Cher.<\/p>\n\n\n\n<p>A las 18:15 h, el grupo de danza de la Fundaci\u00f3n Espurna ofrecer\u00e1 el espect\u00e1culo de baile y ritmos &#8216;S\u00e9 t\u00fa&#8217;. Finalmente, la asociaci\u00f3n &#8216;Cor i Rondalla Santa Cec\u00edlia&#8217; pondr\u00e1 el punto final a las actividades con su actuaci\u00f3n, que tendr\u00e1 lugar a las 18.20 h.<\/p>\n","protected":false},"excerpt":{"rendered":"<p>&#8220;La Casa de la Cultura es un lugar id\u00f3neo para que las empresas, colectivos y profesionales puedan ofrecer sus productos y servicios al p\u00fablico. De este modo, las dos jornadas se convierten en un escaparate de informaci\u00f3n y actividades dedicadas, expresamente, a la gente mayor de la ciudad&#8221;, ha comentado la regidora. &#8220;Adem\u00e1s de todas&#8230;<\/p>\n","protected":false},"author":1,"featured_media":3822,"comment_status":"open","ping_status":"open","sticky":false,"template":"","format":"standard","meta":{"footnotes":""},"categories":[1,27],"tags":[],"class_list":["post-3832","post","type-post","status-publish","format-standard","has-post-thumbnail","hentry","category-actualidad","category-sociedad"],"_links":{"self":[{"href":"https:\/\/infogandia.es\/index.php\/wp-json\/wp\/v2\/posts\/3832","targetHints":{"allow":["GET"]}}],"collection":[{"href":"https:\/\/infogandia.es\/index.php\/wp-json\/wp\/v2\/posts"}],"about":[{"href":"https:\/\/infogandia.es\/index.php\/wp-json\/wp\/v2\/types\/post"}],"author":[{"embeddable":true,"href":"https:\/\/infogandia.es\/index.php\/wp-json\/wp\/v2\/users\/1"}],"replies":[{"embeddable":true,"href":"https:\/\/infogandia.es\/index.php\/wp-json\/wp\/v2\/comments?post=3832"}],"version-history":[{"count":1,"href":"https:\/\/infogandia.es\/index.php\/wp-json\/wp\/v2\/posts\/3832\/revisions"}],"predecessor-version":[{"id":3833,"href":"https:\/\/infogandia.es\/index.php\/wp-json\/wp\/v2\/posts\/3832\/revisions\/3833"}],"wp:featuredmedia":[{"embeddable":true,"href":"https:\/\/infogandia.es\/index.php\/wp-json\/wp\/v2\/media\/3822"}],"wp:attachment":[{"href":"https:\/\/infogandia.es\/index.php\/wp-json\/wp\/v2\/media?parent=3832"}],"wp:term":[{"taxonomy":"category","embeddable":true,"href":"https:\/\/infogandia.es\/index.php\/wp-json\/wp\/v2\/categories?post=3832"},{"taxonomy":"post_tag","embeddable":true,"href":"https:\/\/infogandia.es\/index.php\/wp-json\/wp\/v2\/tags?post=3832"}],"curies":[{"name":"wp","href":"https:\/\/api.w.org\/{rel}","templated":true}]}}