{"id":3846,"date":"2024-05-15T15:30:20","date_gmt":"2024-05-15T15:30:20","guid":{"rendered":"https:\/\/infogandia.es\/?p=3846"},"modified":"2024-05-15T15:30:20","modified_gmt":"2024-05-15T15:30:20","slug":"el-circuito-de-carreras-de-la-diputacio-de-valencia-celebra-los-25-anos-con-su-edicion-mas-especial-contando-con-gandia","status":"publish","type":"post","link":"https:\/\/infogandia.es\/index.php\/2024\/05\/15\/el-circuito-de-carreras-de-la-diputacio-de-valencia-celebra-los-25-anos-con-su-edicion-mas-especial-contando-con-gandia\/","title":{"rendered":"El Circuito de Carreras de la Diputaci\u00f3 de Val\u00e8ncia celebra los 25 a\u00f1os con su edici\u00f3n m\u00e1s especial contando con Gandia"},"content":{"rendered":"\n<p>La Diputaci\u00f3 de Val\u00e8ncia ha presentado este martes su Circuito de Carreras Populares \u2018Trofeo Presidente\u2019 2024, una edici\u00f3n especial porque se cumplen 25 a\u00f1os de una competici\u00f3n pionera a nivel nacional. El pr\u00f3ximo s\u00e1bado 18 de mayo el circuito dar\u00e1 el pistoletazo de salida con la disputa de la Volta a Peu a Sedav\u00ed, y se prolongar\u00e1 hasta el s\u00e1bado 16 de noviembre, fecha en la que tendr\u00e1 lugar la 10K la Vall de Seg\u00f3, en el Camp de Morvedre. El torneo impulsado por el \u00e1rea de Deportes que dirige Pedro Cuesta est\u00e1 formado por un total de 12 pruebas, entre ellas una 15K y una media marat\u00f3n.<\/p>\n\n\n\n<p>El presidente de la Diputaci\u00f3 de Val\u00e8ncia, Vicent Momp\u00f3, ha subrayado la importancia de \u201ccelebrar las bodas de plata de uno de los cert\u00e1menes deportivos m\u00e1s emblem\u00e1ticos, no s\u00f3lo de la Comunidad Valenciana, sino de toda Espa\u00f1a. Ello habla de la implicaci\u00f3n de esta instituci\u00f3n en la promoci\u00f3n del deporte, porque creemos que es una herramienta fundamental para el bienestar y la calidad de vida de la gente\u201d. Momp\u00f3 ha destacado adem\u00e1s \u201cel car\u00e1cter vertebrador de un circuito que va a recorrer la mayor parte de las comarcas de nuestra provincia\u201d.<\/p>\n\n\n\n<p>En cuanto a las novedades que presenta la XXV edici\u00f3n del Circuito de Carreras Populares, el diputado de Turismo y Deportes de la corporaci\u00f3n provincial, Pedro Cuesta, ha adelantado dos iniciativas que premiar\u00e1n el esfuerzo de todos aquellos corredores que completen un n\u00famero de pruebas determinado. \u201cTodos los que finalicen las 12 carreras que forman el certamen podr\u00e1n disfrutar de una de las experiencias tur\u00edsticas y\/o gastron\u00f3micas que ofrece la Diputaci\u00f3n a trav\u00e9s de su programa \u2018Fem Poble\u2019 para dos personas. Adem\u00e1s, los que logren terminar 8 de las 12 pruebas, entrar\u00e1n en el sorteo de 15 dorsales para correr el Marat\u00f3n de Valencia, gracias a la Fundaci\u00f3n Trinidad Alfonso\u201d, ha detallado Cuesta, que ha hecho hincapi\u00e9 en que \u201cestamos hablando del circuito de carreras m\u00e1s importante de la provincia\u201d.<\/p>\n\n\n\n<p>Calendario de pruebas, categor\u00edas y premios<br>El pistoletazo de salida del Circuito de Carreras Populares de la Diputaci\u00f3n se dar\u00e1 este s\u00e1bado 18 de mayo con la Volta a Peu a Sedav\u00ed (10K), para continuar en junio con la 10K Nocturna Playa de Gandia (8 de junio) y la 10K Godella Nicoboco (22 de junio). La Volta a Peu de l\u2019Eliana (10K) se disputar\u00e1 el 27 de julio.<\/p>\n\n\n\n<p>Durante el mes de agosto tendr\u00e1n lugar tres pruebas del circuito. El 3 de agosto es el turno de la 10K Ajuntament de Montserrat, mientras que el 17 de agosto se celebrar\u00e1 el Gran Fondo Internacional Siete Aguas (15K), una de las carreras m\u00e1s emblem\u00e1ticas del certamen. Agosto finaliza con la Vuelta Popular a Utiel el d\u00eda 31.<\/p>\n\n\n\n<p>La 10K de Torrent y la Pujada a la Montieleta de Benaguasil se disputan los d\u00edas 8 y 21 de septiembre. El 6 de octubre llegar\u00e1 la \u00fanica media marat\u00f3n del circuito, la Mitja Marat\u00f3 del Kaki (L\u2019Alcudia), y el 20 del mismo mes tendr\u00e1 lugar la Volta a Peu de Cullera (12K). El XXV Circuito de Carreras Populares se cierra el 16 de noviembre con la 10K la Vall de Seg\u00f3.<\/p>\n\n\n\n<p>Este a\u00f1o se repartir\u00e1n un total de 70 trofeos y 24.000 euros de premios en met\u00e1lico, que se dividen en premios absolutos, premios por categor\u00eda, premios por participaci\u00f3n y un premio al club de atletismo que aporte m\u00e1s participantes.<\/p>\n\n\n\n<p>El \u00e1rea de Deportes de la Diputaci\u00f3n selecciona cada a\u00f1o un n\u00famero determinado de pruebas organizadas por los distintos ayuntamientos de la provincia y con ellas configura un circuito en el que pueden inscribirse hombres y mujeres a partir de 18 a\u00f1os, en las categor\u00edas junior, promesa, senior y veteranos A, B y C. Cada corredor o corredora debe registrarse en la web www.circuitodiputacionvalencia.es para poder participar en el sistema de puntuaci\u00f3n del circuito, y posteriormente realizar la inscripci\u00f3n para cada una de las carreras organizadas por los ayuntamientos a trav\u00e9s del mismo portal.<\/p>\n\n\n\n<p>Historia<br>El Circuito de Carreras populares de la Diputaci\u00f3 de Val\u00e8ncia comenz\u00f3 en 1998 con la colaboraci\u00f3n de la Sociedad Deportiva Correcaminos. La directora de Deportes de la corporaci\u00f3n, M\u00aa \u00c1ngeles Medrano, ha explicado el crecimiento y la consolidaci\u00f3n de un certamen que \u201ca lo largo de estos 25 a\u00f1os ha recorrido m\u00e1s de 85 municipios y aproximadamente 3.800 Km.\u201d<br>Se trataba de la primera vez en Espa\u00f1a que un conjunto de carreras se un\u00edan para formar un mismo circuito. Una idea que ha sido fuente de inspiraci\u00f3n para muchos otros territorios e instituciones de nuestro pa\u00eds.<\/p>\n","protected":false},"excerpt":{"rendered":"<p>La Diputaci\u00f3 de Val\u00e8ncia ha presentado este martes su Circuito de Carreras Populares \u2018Trofeo Presidente\u2019 2024, una edici\u00f3n especial porque se cumplen 25 a\u00f1os de una competici\u00f3n pionera a nivel nacional. El pr\u00f3ximo s\u00e1bado 18 de mayo el circuito dar\u00e1 el pistoletazo de salida con la disputa de la Volta a Peu a Sedav\u00ed, y&#8230;<\/p>\n","protected":false},"author":1,"featured_media":3847,"comment_status":"open","ping_status":"open","sticky":false,"template":"","format":"standard","meta":{"footnotes":""},"categories":[1],"tags":[],"class_list":["post-3846","post","type-post","status-publish","format-standard","has-post-thumbnail","hentry","category-actualidad"],"_links":{"self":[{"href":"https:\/\/infogandia.es\/index.php\/wp-json\/wp\/v2\/posts\/3846","targetHints":{"allow":["GET"]}}],"collection":[{"href":"https:\/\/infogandia.es\/index.php\/wp-json\/wp\/v2\/posts"}],"about":[{"href":"https:\/\/infogandia.es\/index.php\/wp-json\/wp\/v2\/types\/post"}],"author":[{"embeddable":true,"href":"https:\/\/infogandia.es\/index.php\/wp-json\/wp\/v2\/users\/1"}],"replies":[{"embeddable":true,"href":"https:\/\/infogandia.es\/index.php\/wp-json\/wp\/v2\/comments?post=3846"}],"version-history":[{"count":1,"href":"https:\/\/infogandia.es\/index.php\/wp-json\/wp\/v2\/posts\/3846\/revisions"}],"predecessor-version":[{"id":3848,"href":"https:\/\/infogandia.es\/index.php\/wp-json\/wp\/v2\/posts\/3846\/revisions\/3848"}],"wp:featuredmedia":[{"embeddable":true,"href":"https:\/\/infogandia.es\/index.php\/wp-json\/wp\/v2\/media\/3847"}],"wp:attachment":[{"href":"https:\/\/infogandia.es\/index.php\/wp-json\/wp\/v2\/media?parent=3846"}],"wp:term":[{"taxonomy":"category","embeddable":true,"href":"https:\/\/infogandia.es\/index.php\/wp-json\/wp\/v2\/categories?post=3846"},{"taxonomy":"post_tag","embeddable":true,"href":"https:\/\/infogandia.es\/index.php\/wp-json\/wp\/v2\/tags?post=3846"}],"curies":[{"name":"wp","href":"https:\/\/api.w.org\/{rel}","templated":true}]}}