{"id":3880,"date":"2024-05-20T17:56:35","date_gmt":"2024-05-20T17:56:35","guid":{"rendered":"https:\/\/infogandia.es\/?p=3880"},"modified":"2024-05-20T17:56:40","modified_gmt":"2024-05-20T17:56:40","slug":"atropella-esta-madrugada-a-un-motorista-en-bellreguard-y-se-da-a-la-fuga","status":"publish","type":"post","link":"https:\/\/infogandia.es\/index.php\/2024\/05\/20\/atropella-esta-madrugada-a-un-motorista-en-bellreguard-y-se-da-a-la-fuga\/","title":{"rendered":"Atropella esta madrugada a un motorista en Bellreguard y se da a la fuga"},"content":{"rendered":"\n<p>Agentes de la Polic\u00eda Local buscan y as\u00ed han dado parte a la Agrupaci\u00f3n de Tr\u00e1fico de la Guardia Civil, al conductor de un coche de color blanco -un Volkswagen Golf- que, esta madrugada, ha atropellado a un motorista entre la carretera N-332 a la salida de Gandia y la entrada en Bellreguard.<\/p>\n\n\n\n<p>Los hechos han ocurrido a las 05.35 horas cuando el motorista, un vecino de Gandia que circulaba en sentido a Bellreguard ha sido atropellado por este coche blanco saliendo el motorista despedido a consecuencia del fuerte impacto. De hecho la moto qued\u00f3 encastrada en los bajos del veh\u00edculo que la arrastr\u00f3 durante una veintena de metros afortunadamente sin el motorista. La moto se desprendi\u00f3 en la hu\u00edda quedando tirada en una cuneta.<\/p>\n\n\n\n<p>Los efectivos sanitarios desplazados al lugar han estabilizado al hombre, que presentaba numerosas heridas y ha sido evacuado de urgencia al Hospital Francesc de Borja de Gandia. La Polic\u00eda Local de Bellreguard, que se ha hecho cargo del atestado, ha cursado la requisitoria para localizar al conductor del veh\u00edculo implicado en el atropello y que se ha dado a la fuga.<\/p>\n\n\n\n<p>En las c\u00e1maras existentes en diversos puntos del trayecto se puede visualizar el Volkswagen Golf de color blanco huyendo del lugar del accidente sin socorrer al herido ni alertar al 112. Lo que s\u00ed han captado las im\u00e1genes es el viraje que da hacia el pol\u00edgono para buscar el Cam\u00ed Vell de Gandia y ah\u00ed, se momento, se le pierde el rastro.<\/p>\n\n\n\n<p>De hecho, se ha pedido a la ciudadan\u00eda colaboraci\u00f3n para tratar de localizar al veh\u00edculo as\u00ed como a su conductor, en un momento donde a todos les ha venido a la cabeza lo del BMW de ayer tarde en Valencia y el atropello del ni\u00f1o de 7 a\u00f1os en la avenida Hermanos Machado donde tambi\u00e9n se dio a la fuga el autor del atropello.<\/p>\n","protected":false},"excerpt":{"rendered":"<p>Agentes de la Polic\u00eda Local buscan y as\u00ed han dado parte a la Agrupaci\u00f3n de Tr\u00e1fico de la Guardia Civil, al conductor de un coche de color blanco -un Volkswagen Golf- que, esta madrugada, ha atropellado a un motorista entre la carretera N-332 a la salida de Gandia y la entrada en Bellreguard. Los hechos&#8230;<\/p>\n","protected":false},"author":1,"featured_media":3874,"comment_status":"open","ping_status":"open","sticky":false,"template":"","format":"standard","meta":{"footnotes":""},"categories":[1],"tags":[],"class_list":["post-3880","post","type-post","status-publish","format-standard","has-post-thumbnail","hentry","category-actualidad"],"_links":{"self":[{"href":"https:\/\/infogandia.es\/index.php\/wp-json\/wp\/v2\/posts\/3880","targetHints":{"allow":["GET"]}}],"collection":[{"href":"https:\/\/infogandia.es\/index.php\/wp-json\/wp\/v2\/posts"}],"about":[{"href":"https:\/\/infogandia.es\/index.php\/wp-json\/wp\/v2\/types\/post"}],"author":[{"embeddable":true,"href":"https:\/\/infogandia.es\/index.php\/wp-json\/wp\/v2\/users\/1"}],"replies":[{"embeddable":true,"href":"https:\/\/infogandia.es\/index.php\/wp-json\/wp\/v2\/comments?post=3880"}],"version-history":[{"count":1,"href":"https:\/\/infogandia.es\/index.php\/wp-json\/wp\/v2\/posts\/3880\/revisions"}],"predecessor-version":[{"id":3881,"href":"https:\/\/infogandia.es\/index.php\/wp-json\/wp\/v2\/posts\/3880\/revisions\/3881"}],"wp:featuredmedia":[{"embeddable":true,"href":"https:\/\/infogandia.es\/index.php\/wp-json\/wp\/v2\/media\/3874"}],"wp:attachment":[{"href":"https:\/\/infogandia.es\/index.php\/wp-json\/wp\/v2\/media?parent=3880"}],"wp:term":[{"taxonomy":"category","embeddable":true,"href":"https:\/\/infogandia.es\/index.php\/wp-json\/wp\/v2\/categories?post=3880"},{"taxonomy":"post_tag","embeddable":true,"href":"https:\/\/infogandia.es\/index.php\/wp-json\/wp\/v2\/tags?post=3880"}],"curies":[{"name":"wp","href":"https:\/\/api.w.org\/{rel}","templated":true}]}}