{"id":3886,"date":"2024-05-20T17:58:13","date_gmt":"2024-05-20T17:58:13","guid":{"rendered":"https:\/\/infogandia.es\/?p=3886"},"modified":"2024-05-20T17:58:14","modified_gmt":"2024-05-20T17:58:14","slug":"maria-ciscar-pons-nueva-fallera-mayor-de-tavernes-de-la-valldigna-2025","status":"publish","type":"post","link":"https:\/\/infogandia.es\/index.php\/2024\/05\/20\/maria-ciscar-pons-nueva-fallera-mayor-de-tavernes-de-la-valldigna-2025\/","title":{"rendered":"Maria Ciscar Pons, nueva fallera mayor de Tavernes de la Valldigna 2025"},"content":{"rendered":"\n<p>Maria Ciscar Pons es la fallera mayor de Tavernes de la Valldigna 2025 tras haber sido proclamada por la alcaldesa y presidenta nata de la Junta Local Fallera, Lara Romero Giner, como m\u00e1xima representante de las Fallas de la localidad en un acto celebrado ayer domingo por la tarde en el sal\u00f3n de plenos del ayuntamiento y con la presencia del mundo fallero de la ciudad y la corporaci\u00f3n municipal vallera.<\/p>\n\n\n\n<p>Minutos antes de esa proclamaci\u00f3n la alcaldesa Lara Romero; el presidente de la Junta Local Fallera, \u00d3scar Ciscar; y el edil de Fiestas, Carlos Torres; fueron los encargados de la tradicional llamada telef\u00f3nica a la elegida.<\/p>\n\n\n\n<p>Maria Ciscar Pons, de la Falla Prado, es fallera desde hace 37 a\u00f1os y ha sido fallera mayor de su comisi\u00f3n en 2002 y 2018. Adem\u00e1s, ha sido de la corte de honor de la fallera mayor de Tavernes de la Valldigna en 2020, 2021 y 2022 y miembro de la Junta Local Fallera durante 3 a\u00f1os.<\/p>\n","protected":false},"excerpt":{"rendered":"<p>Maria Ciscar Pons es la fallera mayor de Tavernes de la Valldigna 2025 tras haber sido proclamada por la alcaldesa y presidenta nata de la Junta Local Fallera, Lara Romero Giner, como m\u00e1xima representante de las Fallas de la localidad en un acto celebrado ayer domingo por la tarde en el sal\u00f3n de plenos del&#8230;<\/p>\n","protected":false},"author":1,"featured_media":3876,"comment_status":"open","ping_status":"open","sticky":false,"template":"","format":"standard","meta":{"footnotes":""},"categories":[1],"tags":[],"class_list":["post-3886","post","type-post","status-publish","format-standard","has-post-thumbnail","hentry","category-actualidad"],"_links":{"self":[{"href":"https:\/\/infogandia.es\/index.php\/wp-json\/wp\/v2\/posts\/3886","targetHints":{"allow":["GET"]}}],"collection":[{"href":"https:\/\/infogandia.es\/index.php\/wp-json\/wp\/v2\/posts"}],"about":[{"href":"https:\/\/infogandia.es\/index.php\/wp-json\/wp\/v2\/types\/post"}],"author":[{"embeddable":true,"href":"https:\/\/infogandia.es\/index.php\/wp-json\/wp\/v2\/users\/1"}],"replies":[{"embeddable":true,"href":"https:\/\/infogandia.es\/index.php\/wp-json\/wp\/v2\/comments?post=3886"}],"version-history":[{"count":1,"href":"https:\/\/infogandia.es\/index.php\/wp-json\/wp\/v2\/posts\/3886\/revisions"}],"predecessor-version":[{"id":3887,"href":"https:\/\/infogandia.es\/index.php\/wp-json\/wp\/v2\/posts\/3886\/revisions\/3887"}],"wp:featuredmedia":[{"embeddable":true,"href":"https:\/\/infogandia.es\/index.php\/wp-json\/wp\/v2\/media\/3876"}],"wp:attachment":[{"href":"https:\/\/infogandia.es\/index.php\/wp-json\/wp\/v2\/media?parent=3886"}],"wp:term":[{"taxonomy":"category","embeddable":true,"href":"https:\/\/infogandia.es\/index.php\/wp-json\/wp\/v2\/categories?post=3886"},{"taxonomy":"post_tag","embeddable":true,"href":"https:\/\/infogandia.es\/index.php\/wp-json\/wp\/v2\/tags?post=3886"}],"curies":[{"name":"wp","href":"https:\/\/api.w.org\/{rel}","templated":true}]}}