{"id":3892,"date":"2024-05-21T18:38:40","date_gmt":"2024-05-21T18:38:40","guid":{"rendered":"https:\/\/infogandia.es\/?p=3892"},"modified":"2024-05-21T18:38:41","modified_gmt":"2024-05-21T18:38:41","slug":"generalitat-y-gandia-crearan-una-comision-con-los-municipios-de-la-safor-y-la-marina-para-avanzar-en-la-cv-60-y-el-tranvia-en-denia","status":"publish","type":"post","link":"https:\/\/infogandia.es\/index.php\/2024\/05\/21\/generalitat-y-gandia-crearan-una-comision-con-los-municipios-de-la-safor-y-la-marina-para-avanzar-en-la-cv-60-y-el-tranvia-en-denia\/","title":{"rendered":"Generalitat y Gandia crear\u00e1n una comisi\u00f3n con los municipios de la Safor y la Marina para avanzar en la CV-60 y el tranv\u00eda en D\u00e9nia"},"content":{"rendered":"\n<p>La consejera de Medio Ambiente, Agua, Infraestructuras y Territorio, Salom\u00e9 Pradas, ha visitado Gandia para mantener una reuni\u00f3n de trabajo con el alcalde, Jos\u00e9 Manuel Prieto, donde se han abordado diversos temas relativos a proyectos que implican a ambas administraciones.<\/p>\n\n\n\n<p>Tras una reuni\u00f3n y la firma en el Libro de Honor de la ciudad por parte de la consellera, Prieto y Pradas han comparecido ante los medios de comunicaci\u00f3n.<br>En primer lugar, el alcalde ha destacado la buena sinton\u00eda con la consellera a la hora de apostar por el consenso y el di\u00e1logo por conseguir avances en diversas cuestiones relacionadas con las infraestructuras.<\/p>\n\n\n\n<p>Prieto ha explicado que se han alcanzado varios acuerdos. El primero ha sido la constituci\u00f3n de una comisi\u00f3n de trabajo de infraestructuras que estar\u00e1 integrada por la Conselleria, Gandia y representantes de las comarcas de la Safor y la Marina para recuperar la vertebraci\u00f3n hist\u00f3rica que supondr\u00eda el proyecto del TRAM o el del tren de la Costa. &#8220;Esta comisi\u00f3n tiene como objetivo avanzar en este tipo de actuaciones, pero tambi\u00e9n pretendemos dar respuesta a los retos de futuro&#8221;.<\/p>\n\n\n\n<p>Otro de los puntos de los que se ha informado es que ya se cuenta con la soluci\u00f3n t\u00e9cnica acordada entre Ayuntamiento, Consejer\u00eda y el Ministerio que permitir\u00e1 conectar la CV-60 con la autopista. &#8220;Las tres administraciones hemos trabajado para tener una soluci\u00f3n y esperamos poder garantizar que una parte importante del protocolo de infraestructuras sea esta actuaci\u00f3n&#8221;, declar\u00f3 la primera autoridad municipal. Prieto ha a\u00f1adido que &#8220;la CV-60 es indispensable para el desarrollo de nuestra competitividad y econom\u00eda&#8221;. &#8220;Estamos trabajando una planificaci\u00f3n integral que debe priorizar lo que Gandia y la comarca necesitan&#8221;.<\/p>\n\n\n\n<p>En este sentido, durante la comparecencia se ha anunciado que antes del verano, Conselleria y Ayuntamiento plantean reivindicar las bondades de la CV-60 en un gran acto que ponga en valor la infraestructura frente a la ciudadan\u00eda y el tejido social.<\/p>\n\n\n\n<p>Asimismo, se han abordado otros aspectos como el futuro del transporte urbano con la mejora de las concesiones de autobuses de la comarca y la nueva contrata de transporte urbano de Gandia con el objetivo de mejorar la movilidad durante esta legislatura. A esta intervenci\u00f3n, se suma la duplicaci\u00f3n de la l\u00ednea ferroviaria entre Gandia y Cullera. Una actuaci\u00f3n que el alcalde ha calificado de estrat\u00e9gica. &#8220;El impulso de esta intervenci\u00f3n es b\u00e1sico, ya que mejorar\u00e1 las frecuencias de forma que beneficiaremos a todos los ciudadanos que se desplazan a Valencia cada d\u00eda y para que tambi\u00e9n se abra la puerta al transporte de mercanc\u00edas una vez se establezca el nudo de conexi\u00f3n con el pasillo mediterr\u00e1neo&#8221;.<\/p>\n\n\n\n<p>La consellera ha recordado que ya se celebr\u00f3 una reuni\u00f3n el pasado mes de noviembre para plasmar los retos en materia de infraestructuras que implican a ambas administraciones. &#8220;Hoy venimos a explicar los avances en infraestructuras que mejorar\u00e1n la movilidad de la comarca y de Gandia&#8221;, afirm\u00f3 Pradas. La consellera tambi\u00e9n record\u00f3 que en el caso de la CV-60 ya est\u00e1 aprobado el proyecto b\u00e1sico en el tramo Palma de Gandia-Gandia, y que ahora se proceder\u00e1 a pujar el proyecto de construcci\u00f3n.<\/p>\n\n\n\n<p>Respecto al enlace con la AP7, se ha anunciado que la Consejer\u00eda convocar\u00e1 una reuni\u00f3n entre la Generalitat, el Ayuntamiento y el Ministerio para consensuar la soluci\u00f3n t\u00e9cnica con todas las partes implicadas.<\/p>\n\n\n\n<p>Por otra parte, y en lo que se refiere al tranv\u00eda, se ha explicado que en doce meses se espera disponer del estudio de planeamiento que deber\u00e1 coordinarse con el Ministerio. &#8220;Desde la Generalitat no renunciamos al tren de la costa, creemos que se puede compatibilizar con la propuesta del tranv\u00eda&#8221;, asever\u00f3.<\/p>\n\n\n\n<p>En cuanto al transporte de pasajeros en autob\u00fas, Pradas ha explicado que a finales de a\u00f1o se espera pujar las dos concesiones del transporte comarcal en autob\u00fas de forma que en junio de 2025 este servicio ser\u00eda ya una realidad.<\/p>\n","protected":false},"excerpt":{"rendered":"<p>La consejera de Medio Ambiente, Agua, Infraestructuras y Territorio, Salom\u00e9 Pradas, ha visitado Gandia para mantener una reuni\u00f3n de trabajo con el alcalde, Jos\u00e9 Manuel Prieto, donde se han abordado diversos temas relativos a proyectos que implican a ambas administraciones. Tras una reuni\u00f3n y la firma en el Libro de Honor de la ciudad por&#8230;<\/p>\n","protected":false},"author":1,"featured_media":3893,"comment_status":"open","ping_status":"open","sticky":false,"template":"","format":"standard","meta":{"footnotes":""},"categories":[1],"tags":[],"class_list":["post-3892","post","type-post","status-publish","format-standard","has-post-thumbnail","hentry","category-actualidad"],"_links":{"self":[{"href":"https:\/\/infogandia.es\/index.php\/wp-json\/wp\/v2\/posts\/3892","targetHints":{"allow":["GET"]}}],"collection":[{"href":"https:\/\/infogandia.es\/index.php\/wp-json\/wp\/v2\/posts"}],"about":[{"href":"https:\/\/infogandia.es\/index.php\/wp-json\/wp\/v2\/types\/post"}],"author":[{"embeddable":true,"href":"https:\/\/infogandia.es\/index.php\/wp-json\/wp\/v2\/users\/1"}],"replies":[{"embeddable":true,"href":"https:\/\/infogandia.es\/index.php\/wp-json\/wp\/v2\/comments?post=3892"}],"version-history":[{"count":1,"href":"https:\/\/infogandia.es\/index.php\/wp-json\/wp\/v2\/posts\/3892\/revisions"}],"predecessor-version":[{"id":3897,"href":"https:\/\/infogandia.es\/index.php\/wp-json\/wp\/v2\/posts\/3892\/revisions\/3897"}],"wp:featuredmedia":[{"embeddable":true,"href":"https:\/\/infogandia.es\/index.php\/wp-json\/wp\/v2\/media\/3893"}],"wp:attachment":[{"href":"https:\/\/infogandia.es\/index.php\/wp-json\/wp\/v2\/media?parent=3892"}],"wp:term":[{"taxonomy":"category","embeddable":true,"href":"https:\/\/infogandia.es\/index.php\/wp-json\/wp\/v2\/categories?post=3892"},{"taxonomy":"post_tag","embeddable":true,"href":"https:\/\/infogandia.es\/index.php\/wp-json\/wp\/v2\/tags?post=3892"}],"curies":[{"name":"wp","href":"https:\/\/api.w.org\/{rel}","templated":true}]}}