{"id":3898,"date":"2024-05-21T18:39:08","date_gmt":"2024-05-21T18:39:08","guid":{"rendered":"https:\/\/infogandia.es\/?p=3898"},"modified":"2024-05-21T18:39:08","modified_gmt":"2024-05-21T18:39:08","slug":"gandia-presenta-una-nueva-edicion-de-la-ruta-destapat","status":"publish","type":"post","link":"https:\/\/infogandia.es\/index.php\/2024\/05\/21\/gandia-presenta-una-nueva-edicion-de-la-ruta-destapat\/","title":{"rendered":"Gandia presenta una nueva edici\u00f3n de la ruta &#8216;Destapa\u2019t\u2019"},"content":{"rendered":"\n<p>La concejala de Comercio, Elena Moncho y la edil de Turismo, Balbina Sendra, presentaron hoy una nueva edici\u00f3n de la iniciativa &#8216;Destapa&#8217;t&#8217;. En la rueda de prensa tambi\u00e9n han comparecido el presidente de Destino Safor, Amadeo Faus; el presidente de la Asociaci\u00f3n de Comerciantes del Centro Hist\u00f3rico, Pedro Izquierdo; la presidenta del comercio del Grao, Viktoria Avramenko y el presidente de la Asociaci\u00f3n de Comercio de Gandia, Julio Cant\u00f3.<\/p>\n\n\n\n<p>Esta vez, el Destapa&#8217;t tendr\u00e1 lugar el primer jueves de cada mes y se llevar\u00e1 a cabo entre el pr\u00f3ximo 4 de septiembre y el 5 de diciembre de 2025. Como novedad, la ruta tendr\u00e1 dos modalidades: una para los bares, que vender\u00e1n cada tapa acompa\u00f1ada de una bebida por 5 euros y otra para los restaurantes, que servir\u00e1n platos gourmet a partir del mismo precio.<\/p>\n\n\n\n<p>&#8220;Desde el departamento de Comercio apoyamos esta propuesta porque supone incentivar el consumo de la hosteler\u00eda y beneficia a los negocios de toda la ciudad, ya que se convertir\u00e1 en un elemento dinamizador&#8221;, ha se\u00f1alado Moncho quien ha recordado que el plazo de adhesi\u00f3n en la iniciativa finaliza el pr\u00f3ximo 14 de junio.<\/p>\n\n\n\n<p>Por su parte, Sendra ha destacado que \u00e9sta es una de las iniciativas m\u00e1s importantes de DestinoSafor, dado que &#8220;dinamizar\u00e1 y desestacionalizar\u00e1 el municipio. Estamos conocidos de que tendr\u00e1 una gran acogida entre las visitantes y ayudar\u00e1 a la desestacionalizaci\u00f3n, ya que se echar\u00e1 de la temporada tur\u00edstica&#8221;. La concejala ha subrayado que &#8220;el hecho de que los comercios del municipio se suman al proyecto genera sinergias tan importantes para el turismo&#8221;.<\/p>\n\n\n\n<p>&#8220;De momento, se han sumado 26 locales de toda la ciudad y del Grau y queremos animar al resto a hacerlo ya que, a diferencia de antes, es totalmente gratis. El objetivo es que la gente de fuera conozca a la nuestra gastronom\u00eda y que las personas de otros pueblos quieran venir a probar todas las tapas&#8221;, ha dicho Faus.<\/p>\n\n\n\n<p>Despu\u00e9s, explic\u00f3 que todos los bares y restaurantes que participan podr\u00e1n llevarse el premio a la mejor tapa de Gandia. &#8220;Queremos que se impliquen de forma que hagan una buena tapa. Escogeremos un jurado gastron\u00f3mico de fuera de Gandia para que decida qu\u00e9 plato es el mejor&#8221;, afirm\u00f3.<\/p>\n\n\n\n<p>Tambi\u00e9n se ha comentado durante la rueda de prensa que, en esta ocasi\u00f3n, la gente tendr\u00e1 un &#8220;pasaporte Destapa&#8217;t&#8221; que servir\u00e1 de prueba de que ha recorrido gran parte de los locales. Las personas que hayan visitado entre 10 o 15 puestos entrar\u00e1n en un concurso.<\/p>\n\n\n\n<p>Moncho ha recordado que los comercios tambi\u00e9n participar\u00e1n en la iniciativa, puesto que facilitar\u00e1n a los visitantes una o dos horas de parking gratuito. Adem\u00e1s, tal y como ha a\u00f1adido Izquierdo, &#8220;las personas que compren a los negocios del centro hist\u00f3rico que se hayan adherido tendr\u00e1n un euro de descuento en el establecimiento del Destapa&#8217;t que prefieran&#8221;.<\/p>\n","protected":false},"excerpt":{"rendered":"<p>La concejala de Comercio, Elena Moncho y la edil de Turismo, Balbina Sendra, presentaron hoy una nueva edici\u00f3n de la iniciativa &#8216;Destapa&#8217;t&#8217;. En la rueda de prensa tambi\u00e9n han comparecido el presidente de Destino Safor, Amadeo Faus; el presidente de la Asociaci\u00f3n de Comerciantes del Centro Hist\u00f3rico, Pedro Izquierdo; la presidenta del comercio del Grao,&#8230;<\/p>\n","protected":false},"author":1,"featured_media":3894,"comment_status":"open","ping_status":"open","sticky":false,"template":"","format":"standard","meta":{"footnotes":""},"categories":[1],"tags":[],"class_list":["post-3898","post","type-post","status-publish","format-standard","has-post-thumbnail","hentry","category-actualidad"],"_links":{"self":[{"href":"https:\/\/infogandia.es\/index.php\/wp-json\/wp\/v2\/posts\/3898","targetHints":{"allow":["GET"]}}],"collection":[{"href":"https:\/\/infogandia.es\/index.php\/wp-json\/wp\/v2\/posts"}],"about":[{"href":"https:\/\/infogandia.es\/index.php\/wp-json\/wp\/v2\/types\/post"}],"author":[{"embeddable":true,"href":"https:\/\/infogandia.es\/index.php\/wp-json\/wp\/v2\/users\/1"}],"replies":[{"embeddable":true,"href":"https:\/\/infogandia.es\/index.php\/wp-json\/wp\/v2\/comments?post=3898"}],"version-history":[{"count":1,"href":"https:\/\/infogandia.es\/index.php\/wp-json\/wp\/v2\/posts\/3898\/revisions"}],"predecessor-version":[{"id":3899,"href":"https:\/\/infogandia.es\/index.php\/wp-json\/wp\/v2\/posts\/3898\/revisions\/3899"}],"wp:featuredmedia":[{"embeddable":true,"href":"https:\/\/infogandia.es\/index.php\/wp-json\/wp\/v2\/media\/3894"}],"wp:attachment":[{"href":"https:\/\/infogandia.es\/index.php\/wp-json\/wp\/v2\/media?parent=3898"}],"wp:term":[{"taxonomy":"category","embeddable":true,"href":"https:\/\/infogandia.es\/index.php\/wp-json\/wp\/v2\/categories?post=3898"},{"taxonomy":"post_tag","embeddable":true,"href":"https:\/\/infogandia.es\/index.php\/wp-json\/wp\/v2\/tags?post=3898"}],"curies":[{"name":"wp","href":"https:\/\/api.w.org\/{rel}","templated":true}]}}