{"id":3904,"date":"2024-05-24T13:38:26","date_gmt":"2024-05-24T13:38:26","guid":{"rendered":"https:\/\/infogandia.es\/?p=3904"},"modified":"2024-05-24T13:38:26","modified_gmt":"2024-05-24T13:38:26","slug":"espai-baladre-acoge-el-festival-cortoons-gandia-frikidays-primer-salon-manga-de-la-ciudad","status":"publish","type":"post","link":"https:\/\/infogandia.es\/index.php\/2024\/05\/24\/espai-baladre-acoge-el-festival-cortoons-gandia-frikidays-primer-salon-manga-de-la-ciudad\/","title":{"rendered":"Espai Baladre acoge el Festival Cortoons Gandia Frikidays, primer sal\u00f3n manga de la ciudad"},"content":{"rendered":"\n<p>La concejala de Turismo y Cultura, Balbina Sendra, y el director de Coortons Gandia, Alessandro D&#8217;Urso, presentaron hoy el Festival Cortoons Gandia Frikidays, que se celebrar\u00e1 los d\u00edas 25 y 26 de mayo en el Espai Baladre de la playa.<\/p>\n\n\n\n<p>Se trata del primer sal\u00f3n del Manga que se celebra en Gand\u00eda y abrir\u00e1 de 10 a 21 horas en los dos d\u00edas. &#8220;Pensamos en crear este nuevo proyecto para celebrar que hace veinte a\u00f1os que naci\u00f3 Cortoons. Ser\u00e1n dos jornadas muy familiares que, entre otras cosas, contar\u00e1n con concursos de actuaci\u00f3n de cosplay, una pasarela cosplay, k-pop dance, idol y cosplay infantil&#8221;, ha comentado D&#8217;Urso.<\/p>\n\n\n\n<p>Adem\u00e1s, tendr\u00e1 aproximadamente 50 invitados entre los actores de doblaje, cosplayers, tiktokers, creadores de contenido y escritores provenientes de toda Espa\u00f1a. Petruska, Zafyx, A\u00edda.tm o el actor de doblaje y voz oficial de Goku en Drangonball, Pablo Dom\u00ednguez, son s\u00f3lo algunas de las estrellas que asistir\u00e1n al evento.<\/p>\n\n\n\n<p>&#8220;Tambi\u00e9n disfrutaremos de otras actividades como torneos de pok\u00e9mon, arcadas, videojuegos, talleres, juegos de mesa, soft combat, escape rooms, charlas, photocall, etc. Destacar\u00eda el podcast en valenciano &#8216;Sentir ar\u00e0cnid&#8217;, que dar\u00e1 una charla sobre el mundo de los c\u00f3mics, la cultura y la est\u00e9tica manga, y las bodas frikis&#8221;, ha explicado D&#8217;Urso.<\/p>\n\n\n\n<p>Otro de los atractivos de la iniciativa ser\u00e1 el \u00e1rea food truck de comida asi\u00e1tica, habilitada para acabar de crear la atm\u00f3sfera manga en todo el espacio, y la zona de talleres y juegos de mesa. En total, habr\u00e1 m\u00e1s de 25 actividades repartidas entre el pabell\u00f3n y el recinto y 40 artistas que expondr\u00e1n las obras.<\/p>\n\n\n\n<p>En cuanto a los asistentes, Sendra ha se\u00f1alado que, sin haber cerrado todav\u00eda la venta de entradas, ya est\u00e1n reservadas 60 habitaciones para la organizaci\u00f3n y los invitados y unas 300 pernoctaciones en hoteles y campings de gente de Alicante, Castell\u00f3n , Murcia, Barcelona, \u200b\u200bSevilla, Granada o Madrid.<\/p>\n\n\n\n<p>&#8220;Estos datos ya tienen un impacto muy grande, pero, con un horario tan amplio, tambi\u00e9n ser\u00e1 mucha la gente que pueda consumir en los diferentes restaurantes, pasear por la playa, visitar otros espacios, etc. Esperamos que el p\u00fablico internacional descubra pronto esta iniciativa &#8220;, ha se\u00f1alado la concejala, quien ha destacado que la apuesta por este nuevo festival se enmarca dentro de la estrategia del gobierno municipal de apoyar iniciativas diversas que ayuden a desestacionalizar la playa al tiempo que se llega a nuevos p\u00fablicos que, de otra forma, no visitar\u00edan Gand\u00eda.<\/p>\n\n\n\n<p>Las entradas del s\u00e1bado cuestan 8 euros, mientras que las del domingo tienen un precio de 6 euros. Ambas se pueden adquirir en la p\u00e1gina web del evento https:\/\/www.frikidays.es\/entradas\/, donde tambi\u00e9n se puede consultar el programa completo.<\/p>\n","protected":false},"excerpt":{"rendered":"<p>La concejala de Turismo y Cultura, Balbina Sendra, y el director de Coortons Gandia, Alessandro D&#8217;Urso, presentaron hoy el Festival Cortoons Gandia Frikidays, que se celebrar\u00e1 los d\u00edas 25 y 26 de mayo en el Espai Baladre de la playa. Se trata del primer sal\u00f3n del Manga que se celebra en Gand\u00eda y abrir\u00e1 de&#8230;<\/p>\n","protected":false},"author":1,"featured_media":3905,"comment_status":"open","ping_status":"open","sticky":false,"template":"","format":"standard","meta":{"footnotes":""},"categories":[1],"tags":[],"class_list":["post-3904","post","type-post","status-publish","format-standard","has-post-thumbnail","hentry","category-actualidad"],"_links":{"self":[{"href":"https:\/\/infogandia.es\/index.php\/wp-json\/wp\/v2\/posts\/3904","targetHints":{"allow":["GET"]}}],"collection":[{"href":"https:\/\/infogandia.es\/index.php\/wp-json\/wp\/v2\/posts"}],"about":[{"href":"https:\/\/infogandia.es\/index.php\/wp-json\/wp\/v2\/types\/post"}],"author":[{"embeddable":true,"href":"https:\/\/infogandia.es\/index.php\/wp-json\/wp\/v2\/users\/1"}],"replies":[{"embeddable":true,"href":"https:\/\/infogandia.es\/index.php\/wp-json\/wp\/v2\/comments?post=3904"}],"version-history":[{"count":1,"href":"https:\/\/infogandia.es\/index.php\/wp-json\/wp\/v2\/posts\/3904\/revisions"}],"predecessor-version":[{"id":3920,"href":"https:\/\/infogandia.es\/index.php\/wp-json\/wp\/v2\/posts\/3904\/revisions\/3920"}],"wp:featuredmedia":[{"embeddable":true,"href":"https:\/\/infogandia.es\/index.php\/wp-json\/wp\/v2\/media\/3905"}],"wp:attachment":[{"href":"https:\/\/infogandia.es\/index.php\/wp-json\/wp\/v2\/media?parent=3904"}],"wp:term":[{"taxonomy":"category","embeddable":true,"href":"https:\/\/infogandia.es\/index.php\/wp-json\/wp\/v2\/categories?post=3904"},{"taxonomy":"post_tag","embeddable":true,"href":"https:\/\/infogandia.es\/index.php\/wp-json\/wp\/v2\/tags?post=3904"}],"curies":[{"name":"wp","href":"https:\/\/api.w.org\/{rel}","templated":true}]}}