{"id":3921,"date":"2024-05-24T13:38:58","date_gmt":"2024-05-24T13:38:58","guid":{"rendered":"https:\/\/infogandia.es\/?p=3921"},"modified":"2024-05-24T13:38:58","modified_gmt":"2024-05-24T13:38:58","slug":"la-xi-edicion-de-la-feria-del-motor-supera-la-cifra-de-los-11-millones-de-euros-en-ventas","status":"publish","type":"post","link":"https:\/\/infogandia.es\/index.php\/2024\/05\/24\/la-xi-edicion-de-la-feria-del-motor-supera-la-cifra-de-los-11-millones-de-euros-en-ventas\/","title":{"rendered":"La XI edici\u00f3n de la Feria del Motor supera la cifra de los 11 millones de euros en ventas"},"content":{"rendered":"\n<p>La concejala delegada de Econom\u00eda y Empresa, Elena Moncho, compareci\u00f3 hoy en rueda de prensa con el gerente de Moll Motors, V\u00edctor Moll; la gerente de Peumovil, Mar\u00eda Fern\u00e1ndez, y el representante de las firmas de veh\u00edculos de ocasi\u00f3n, Salvador Pardo, para realizar un balance sobre la XI edici\u00f3n de la Feria del Motor de Gand\u00eda, que se celebr\u00f3 del 3 al 5 de mayo.<\/p>\n\n\n\n<p>Durante la rueda de prensa, la concejala ha destacado que, con m\u00e1s de 600 coches y 200 motos expuestas, \u00e9sta ha sido, sin duda, la Feria que mejores resultados ha obtenido desde que se empez\u00f3 a celebrar en 2013. &#8220;Estamos muy contentos . Seg\u00fan los datos de los expositores, el fin de semana de la Fira se vendieron un total de 275 nuevos autom\u00f3viles, 86 de ocasi\u00f3n y 39 motos&#8221;, se\u00f1al\u00f3.<\/p>\n\n\n\n<p>Adem\u00e1s, en las dos semanas posteriores se vendieron otros 99 coches nuevos, 8 de ocasi\u00f3n y 52 motos. &#8220;En total, este a\u00f1o se han comprado 468 coches y 91 motos, lo que ha supuesto un impacto econ\u00f3mico en el sector de casi 11 millones de euros&#8221;, ha declarado Moncho, quien ha a\u00f1adido que a esa cifra &#8220;se ha de sumar todo lo que las personas, tanto fuera como de la ciudad, se gastaron en los hoteles, restaurantes, bares, tiendas del centro hist\u00f3rico, etc., durante las tres jornadas\u201d.<\/p>\n\n\n\n<p>Fern\u00e1ndez ha incidido en que la und\u00e9cima edici\u00f3n recibi\u00f3 a mucha gente de fuera de la Safor. &#8220;Invertimos en publicidad fuera de la comarca y nos ha dado muy buenos resultados porque vino mucha gente de otras zonas como, por ejemplo, Vall d&#8217;Albaida. Este es un aspecto muy beneficioso para Gandia dado que los visitantes se gastaron el dinero en los comercios de la localidad&#8221;.<\/p>\n\n\n\n<p>Por su parte, Moll manifest\u00f3 su alegr\u00eda porque &#8220;todo sali\u00f3 a pedir de boca cuando, debido a la ampliaci\u00f3n de metros ya los nuevos expositores, podr\u00edan haber habido problemas&#8221;. Adem\u00e1s, agradeci\u00f3 al Ayuntamiento su &#8220;valent\u00eda a la hora de apostar por agrandar un evento as\u00ed&#8221;.<\/p>\n\n\n\n<p>Tambi\u00e9n ha destacado que los veh\u00edculos de etiqueta 0 y los de etiqueta ECO han supuesto un 37 por ciento de la cuota de las ventas, &#8220;cifra que nos pone por encima de la media nacional&#8221;.<\/p>\n\n\n\n<p>Para finalizar, Pardo ha puesto en valor el esfuerzo de concesionarios y el Ayuntamiento a la hora de implicarse la iniciativa. &#8220;Gracias a ellos ha habido m\u00e1s ventas. Estamos muy contentos porque la gente ha venido con m\u00e1s ganas que nunca de comprar y eso ayuda a hacer crecer la ciudad&#8221;, acab\u00f3.<\/p>\n","protected":false},"excerpt":{"rendered":"<p>La concejala delegada de Econom\u00eda y Empresa, Elena Moncho, compareci\u00f3 hoy en rueda de prensa con el gerente de Moll Motors, V\u00edctor Moll; la gerente de Peumovil, Mar\u00eda Fern\u00e1ndez, y el representante de las firmas de veh\u00edculos de ocasi\u00f3n, Salvador Pardo, para realizar un balance sobre la XI edici\u00f3n de la Feria del Motor de&#8230;<\/p>\n","protected":false},"author":1,"featured_media":3906,"comment_status":"open","ping_status":"open","sticky":false,"template":"","format":"standard","meta":{"footnotes":""},"categories":[1,27],"tags":[],"class_list":["post-3921","post","type-post","status-publish","format-standard","has-post-thumbnail","hentry","category-actualidad","category-sociedad"],"_links":{"self":[{"href":"https:\/\/infogandia.es\/index.php\/wp-json\/wp\/v2\/posts\/3921","targetHints":{"allow":["GET"]}}],"collection":[{"href":"https:\/\/infogandia.es\/index.php\/wp-json\/wp\/v2\/posts"}],"about":[{"href":"https:\/\/infogandia.es\/index.php\/wp-json\/wp\/v2\/types\/post"}],"author":[{"embeddable":true,"href":"https:\/\/infogandia.es\/index.php\/wp-json\/wp\/v2\/users\/1"}],"replies":[{"embeddable":true,"href":"https:\/\/infogandia.es\/index.php\/wp-json\/wp\/v2\/comments?post=3921"}],"version-history":[{"count":1,"href":"https:\/\/infogandia.es\/index.php\/wp-json\/wp\/v2\/posts\/3921\/revisions"}],"predecessor-version":[{"id":3922,"href":"https:\/\/infogandia.es\/index.php\/wp-json\/wp\/v2\/posts\/3921\/revisions\/3922"}],"wp:featuredmedia":[{"embeddable":true,"href":"https:\/\/infogandia.es\/index.php\/wp-json\/wp\/v2\/media\/3906"}],"wp:attachment":[{"href":"https:\/\/infogandia.es\/index.php\/wp-json\/wp\/v2\/media?parent=3921"}],"wp:term":[{"taxonomy":"category","embeddable":true,"href":"https:\/\/infogandia.es\/index.php\/wp-json\/wp\/v2\/categories?post=3921"},{"taxonomy":"post_tag","embeddable":true,"href":"https:\/\/infogandia.es\/index.php\/wp-json\/wp\/v2\/tags?post=3921"}],"curies":[{"name":"wp","href":"https:\/\/api.w.org\/{rel}","templated":true}]}}