{"id":3925,"date":"2024-05-24T13:40:12","date_gmt":"2024-05-24T13:40:12","guid":{"rendered":"https:\/\/infogandia.es\/?p=3925"},"modified":"2024-05-24T13:40:12","modified_gmt":"2024-05-24T13:40:12","slug":"el-ministerio-aprueba-definitivamente-la-integracion-urbana-de-la-n-332-a-su-paso-por-xeraco","status":"publish","type":"post","link":"https:\/\/infogandia.es\/index.php\/2024\/05\/24\/el-ministerio-aprueba-definitivamente-la-integracion-urbana-de-la-n-332-a-su-paso-por-xeraco\/","title":{"rendered":"El Ministerio aprueba definitivamente la integraci\u00f3n urbana de la N-332 a su paso por Xeraco"},"content":{"rendered":"\n<p>El Ministerio de Transportes y Movilidad Sostenible ha aprobado el expediente de informaci\u00f3n p\u00fablica y definitivamente el proyecto de trazado para la humanizaci\u00f3n de 1,3 km de la carretera N-332, en la traves\u00eda de la localidad de Xeraco, en la provincia de Valencia.<\/p>\n\n\n\n<p>Los trabajos, que se ejecutar\u00e1n entre los kil\u00f3metros 230,4 y 231,7, cuentan con un presupuesto estimado de obras de 977.531 euros (IVA incluido) y pr\u00f3ximamente se publicar\u00e1 el anuncio correspondiente en el Bolet\u00edn Oficial del Estado (BOE).<\/p>\n\n\n\n<p>Las obras proyectadas consisten en la construcci\u00f3n de dos glorietas en este tramo urbano de la citada v\u00eda, lo que, junto a una adecuaci\u00f3n de la secci\u00f3n transversal de la carretera mediante la reducci\u00f3n de la anchura de los carriles y la inserci\u00f3n de una mediana materializada con marcas viales, provocar\u00e1 un calmado y apaciguamiento del tr\u00e1fico.<\/p>\n\n\n\n<p>El proyecto incluir\u00e1 otra serie de actuaciones tendentes a dotar al tramo de un car\u00e1cter m\u00e1s urbano, de modo que el tr\u00e1fico perciba este segmento de carretera como una \u201ccalle\u201d. Para ello, se extender\u00e1 una lechada bituminosa de color diferenciado en los arcenes; se instalar\u00e1n bordillos separadores discontinuos sin perjudicar el drenaje de la plataforma, que ayudar\u00e1n a constre\u00f1ir la anchura de la calzada para reducir la velocidad de tr\u00e1nsito, mejorar la seguridad vial y disminuir el nivel de emisiones ac\u00fasticas de los veh\u00edculos.<\/p>\n\n\n\n<p>El proyecto tambi\u00e9n incluir\u00e1 la implantaci\u00f3n de pasos peatonales, de manera que se mejore la permeabilidad transversal en el municipio.<\/p>\n\n\n\n<p>Una vez acabadas las obras, el tramo se ceder\u00e1 al Ayuntamiento seg\u00fan la normativa vigente que establece el marco para la celebraci\u00f3n de acuerdos de entrega a los Ayuntamientos de v\u00edas urbanas de la red estatal.<\/p>\n\n\n\n<p>La intervenci\u00f3n est\u00e1 incluida en el Plan de Recuperaci\u00f3n, Transformaci\u00f3n y Resiliencia (PRTR), que contempla invertir hasta 659 millones de euros (IVA no incluido) de los fondos NextGenerationEU para modernizar m\u00e1s de 80 t\u00faneles, potenciar la protecci\u00f3n de la fauna y usuarios vulnerables, y promover la sostenibilidad, eficiencia energ\u00e9tica y acci\u00f3n contra el ruido en la Red de Carreteras del Estado.<\/p>\n","protected":false},"excerpt":{"rendered":"<p>El Ministerio de Transportes y Movilidad Sostenible ha aprobado el expediente de informaci\u00f3n p\u00fablica y definitivamente el proyecto de trazado para la humanizaci\u00f3n de 1,3 km de la carretera N-332, en la traves\u00eda de la localidad de Xeraco, en la provincia de Valencia. Los trabajos, que se ejecutar\u00e1n entre los kil\u00f3metros 230,4 y 231,7, cuentan&#8230;<\/p>\n","protected":false},"author":1,"featured_media":3908,"comment_status":"open","ping_status":"open","sticky":false,"template":"","format":"standard","meta":{"footnotes":""},"categories":[1],"tags":[],"class_list":["post-3925","post","type-post","status-publish","format-standard","has-post-thumbnail","hentry","category-actualidad"],"_links":{"self":[{"href":"https:\/\/infogandia.es\/index.php\/wp-json\/wp\/v2\/posts\/3925","targetHints":{"allow":["GET"]}}],"collection":[{"href":"https:\/\/infogandia.es\/index.php\/wp-json\/wp\/v2\/posts"}],"about":[{"href":"https:\/\/infogandia.es\/index.php\/wp-json\/wp\/v2\/types\/post"}],"author":[{"embeddable":true,"href":"https:\/\/infogandia.es\/index.php\/wp-json\/wp\/v2\/users\/1"}],"replies":[{"embeddable":true,"href":"https:\/\/infogandia.es\/index.php\/wp-json\/wp\/v2\/comments?post=3925"}],"version-history":[{"count":1,"href":"https:\/\/infogandia.es\/index.php\/wp-json\/wp\/v2\/posts\/3925\/revisions"}],"predecessor-version":[{"id":3926,"href":"https:\/\/infogandia.es\/index.php\/wp-json\/wp\/v2\/posts\/3925\/revisions\/3926"}],"wp:featuredmedia":[{"embeddable":true,"href":"https:\/\/infogandia.es\/index.php\/wp-json\/wp\/v2\/media\/3908"}],"wp:attachment":[{"href":"https:\/\/infogandia.es\/index.php\/wp-json\/wp\/v2\/media?parent=3925"}],"wp:term":[{"taxonomy":"category","embeddable":true,"href":"https:\/\/infogandia.es\/index.php\/wp-json\/wp\/v2\/categories?post=3925"},{"taxonomy":"post_tag","embeddable":true,"href":"https:\/\/infogandia.es\/index.php\/wp-json\/wp\/v2\/tags?post=3925"}],"curies":[{"name":"wp","href":"https:\/\/api.w.org\/{rel}","templated":true}]}}