{"id":3927,"date":"2024-05-24T13:40:36","date_gmt":"2024-05-24T13:40:36","guid":{"rendered":"https:\/\/infogandia.es\/?p=3927"},"modified":"2024-05-24T13:40:36","modified_gmt":"2024-05-24T13:40:36","slug":"un-incendio-en-el-cauce-del-serpis-en-benifla-movilizaba-ayer-tarde-noche-a-bomberos-y-forestales","status":"publish","type":"post","link":"https:\/\/infogandia.es\/index.php\/2024\/05\/24\/un-incendio-en-el-cauce-del-serpis-en-benifla-movilizaba-ayer-tarde-noche-a-bomberos-y-forestales\/","title":{"rendered":"Un incendio en el cauce del Serpis en Benifl\u00e0 movilizaba ayer tarde-noche a Bomberos y Forestales"},"content":{"rendered":"\n<p>Fuentes del Consorcio Provincial de Bomberos de Val\u00e8ncia han se\u00f1alado que se trat\u00f3 de llamas que afectaron a una zona de ca\u00f1as y vegetaci\u00f3n, originado a las 19.44 horas de la tarde de ayer, en la zona del Srpis en Benifl\u00e0. Se movilizaron dos dotaciones de Bomberos de los parques de Gandia y de Oliva, as\u00ed como un coordinador forestal del Consorcio y cuatro unidades de Bomberos forestales de la Generalitat Valenciana y dos medios a\u00e9reos.<\/p>\n","protected":false},"excerpt":{"rendered":"<p>Fuentes del Consorcio Provincial de Bomberos de Val\u00e8ncia han se\u00f1alado que se trat\u00f3 de llamas que afectaron a una zona de ca\u00f1as y vegetaci\u00f3n, originado a las 19.44 horas de la tarde de ayer, en la zona del Srpis en Benifl\u00e0. Se movilizaron dos dotaciones de Bomberos de los parques de Gandia y de Oliva,&#8230;<\/p>\n","protected":false},"author":1,"featured_media":3909,"comment_status":"open","ping_status":"open","sticky":false,"template":"","format":"standard","meta":{"footnotes":""},"categories":[1,27],"tags":[],"class_list":["post-3927","post","type-post","status-publish","format-standard","has-post-thumbnail","hentry","category-actualidad","category-sociedad"],"_links":{"self":[{"href":"https:\/\/infogandia.es\/index.php\/wp-json\/wp\/v2\/posts\/3927","targetHints":{"allow":["GET"]}}],"collection":[{"href":"https:\/\/infogandia.es\/index.php\/wp-json\/wp\/v2\/posts"}],"about":[{"href":"https:\/\/infogandia.es\/index.php\/wp-json\/wp\/v2\/types\/post"}],"author":[{"embeddable":true,"href":"https:\/\/infogandia.es\/index.php\/wp-json\/wp\/v2\/users\/1"}],"replies":[{"embeddable":true,"href":"https:\/\/infogandia.es\/index.php\/wp-json\/wp\/v2\/comments?post=3927"}],"version-history":[{"count":1,"href":"https:\/\/infogandia.es\/index.php\/wp-json\/wp\/v2\/posts\/3927\/revisions"}],"predecessor-version":[{"id":3928,"href":"https:\/\/infogandia.es\/index.php\/wp-json\/wp\/v2\/posts\/3927\/revisions\/3928"}],"wp:featuredmedia":[{"embeddable":true,"href":"https:\/\/infogandia.es\/index.php\/wp-json\/wp\/v2\/media\/3909"}],"wp:attachment":[{"href":"https:\/\/infogandia.es\/index.php\/wp-json\/wp\/v2\/media?parent=3927"}],"wp:term":[{"taxonomy":"category","embeddable":true,"href":"https:\/\/infogandia.es\/index.php\/wp-json\/wp\/v2\/categories?post=3927"},{"taxonomy":"post_tag","embeddable":true,"href":"https:\/\/infogandia.es\/index.php\/wp-json\/wp\/v2\/tags?post=3927"}],"curies":[{"name":"wp","href":"https:\/\/api.w.org\/{rel}","templated":true}]}}