{"id":3950,"date":"2024-05-27T15:47:21","date_gmt":"2024-05-27T15:47:21","guid":{"rendered":"https:\/\/infogandia.es\/?p=3950"},"modified":"2024-05-27T15:47:22","modified_gmt":"2024-05-27T15:47:22","slug":"el-pp-de-gandia-denuncia-que-el-gobierno-pretende-aumentar-un-20-los-precios-de-los-cursos-de-la-universitat-popular","status":"publish","type":"post","link":"https:\/\/infogandia.es\/index.php\/2024\/05\/27\/el-pp-de-gandia-denuncia-que-el-gobierno-pretende-aumentar-un-20-los-precios-de-los-cursos-de-la-universitat-popular\/","title":{"rendered":"El PP de Gandia denuncia que el gobierno pretende aumentar un 20% los precios de los cursos de la Universitat Popular"},"content":{"rendered":"\n<p>Seg\u00fan informan, gracias a esta rotunda oposici\u00f3n manifestada por el portavoz popular Guillermo Barber, la medida qued\u00f3, al menos de momento, sobre la mesa, aunque no se descarta que finalmente el rodillo pol\u00edtico de PSOE y Comprom\u00eds lleve a cabo una brutal subida de precios de en torno al 20%.<\/p>\n\n\n\n<p>Una vez m\u00e1s, arremeten contra la educaci\u00f3n lanzando la propuesta de una subida de precios en los cursos de la Universitat Popular de Gandia, \u201cunos cursos que anualmente congregan a numerosos ciudadanos \u00e1vidos de aumentar sus conocimientos y de mejorar su formaci\u00f3n a todos los niveles\u201d.<\/p>\n\n\n\n<p>Guillermo Barber, portavoz del Partido Popular, ha manifestado que \u201ces un nuevo ejemplo del af\u00e1n recaudatorio de un gobierno que sigue demostrando que tiene dinero para lo que quiere y que sigue sableando el bolsillo de los gandienses.\u201d<\/p>\n\n\n\n<p>Adem\u00e1s, Mar Beltr\u00e1n, ha insistido en la necesidad de acercar la cultura y la educaci\u00f3n a la sociedad y ha pedido al socialista Prieto que \u201cact\u00fae inmediatamente evitando que se consume este nuevo ataque directo a la econom\u00eda de los usuarios de un servicio tan necesario como es la UPG\u201d.<\/p>\n\n\n\n<p>La contestaci\u00f3n del Gobierno<br>El edil de Econom\u00eda en Gandia, Salvador Gregori Escriv\u00e1, ha querido responder esta ma\u00f1ana a las cr\u00edticas vertidas por el PP sobre los precios de los cursos de la UPG.<\/p>\n\n\n\n<p>En primer lugar, Gregori ha afirmado que \u201cuna vez m\u00e1s el PP ejerce la demagogia sobre una medida que ni se ha aplicado. Se les ha explicado por activa y pasiva que el Plan de Ajuste nos obliga a actualizar los precios de las tasas p\u00fablicas que se pagan por la prestaci\u00f3n de un servicio. En este caso, hace m\u00e1s de una d\u00e9cada que no se actualizaban y, aun as\u00ed, se ha actualizado al 80% del IPC\u201d.<\/p>\n\n\n\n<p>\u201cSe escandalizan por poco menos de cuatro euros al mes cuando saben que para las personas con menos ingresos, este gobierno ofrece tarifa reducida y superreducida\u201d, ha a\u00f1adido.<\/p>\n\n\n\n<p>Para finalizar, el edil ha declarado que \u201cse rasgan las vestiduras por una medida que saben que es de precisa aplicaci\u00f3n, pero callan ante el paquete de medidas fiscales y deducciones que hemos aplicado al \u00e1mbito de la vivienda. El PP de Gandia vuelve a demostrar sus dos varas de medir\u201d.<\/p>\n","protected":false},"excerpt":{"rendered":"<p>Seg\u00fan informan, gracias a esta rotunda oposici\u00f3n manifestada por el portavoz popular Guillermo Barber, la medida qued\u00f3, al menos de momento, sobre la mesa, aunque no se descarta que finalmente el rodillo pol\u00edtico de PSOE y Comprom\u00eds lleve a cabo una brutal subida de precios de en torno al 20%. Una vez m\u00e1s, arremeten contra&#8230;<\/p>\n","protected":false},"author":1,"featured_media":3953,"comment_status":"open","ping_status":"open","sticky":false,"template":"","format":"standard","meta":{"footnotes":""},"categories":[1,3],"tags":[],"class_list":["post-3950","post","type-post","status-publish","format-standard","has-post-thumbnail","hentry","category-actualidad","category-politica"],"_links":{"self":[{"href":"https:\/\/infogandia.es\/index.php\/wp-json\/wp\/v2\/posts\/3950","targetHints":{"allow":["GET"]}}],"collection":[{"href":"https:\/\/infogandia.es\/index.php\/wp-json\/wp\/v2\/posts"}],"about":[{"href":"https:\/\/infogandia.es\/index.php\/wp-json\/wp\/v2\/types\/post"}],"author":[{"embeddable":true,"href":"https:\/\/infogandia.es\/index.php\/wp-json\/wp\/v2\/users\/1"}],"replies":[{"embeddable":true,"href":"https:\/\/infogandia.es\/index.php\/wp-json\/wp\/v2\/comments?post=3950"}],"version-history":[{"count":1,"href":"https:\/\/infogandia.es\/index.php\/wp-json\/wp\/v2\/posts\/3950\/revisions"}],"predecessor-version":[{"id":3961,"href":"https:\/\/infogandia.es\/index.php\/wp-json\/wp\/v2\/posts\/3950\/revisions\/3961"}],"wp:featuredmedia":[{"embeddable":true,"href":"https:\/\/infogandia.es\/index.php\/wp-json\/wp\/v2\/media\/3953"}],"wp:attachment":[{"href":"https:\/\/infogandia.es\/index.php\/wp-json\/wp\/v2\/media?parent=3950"}],"wp:term":[{"taxonomy":"category","embeddable":true,"href":"https:\/\/infogandia.es\/index.php\/wp-json\/wp\/v2\/categories?post=3950"},{"taxonomy":"post_tag","embeddable":true,"href":"https:\/\/infogandia.es\/index.php\/wp-json\/wp\/v2\/tags?post=3950"}],"curies":[{"name":"wp","href":"https:\/\/api.w.org\/{rel}","templated":true}]}}