{"id":3968,"date":"2024-05-27T15:57:28","date_gmt":"2024-05-27T15:57:28","guid":{"rendered":"https:\/\/infogandia.es\/?p=3968"},"modified":"2024-05-27T15:58:09","modified_gmt":"2024-05-27T15:58:09","slug":"el-presidente-de-la-generalitat-carlos-mazon-anuncia-el-proyecto-de-apertura-de-las-urgencias-del-grau-de-gandia-las-24-horas","status":"publish","type":"post","link":"https:\/\/infogandia.es\/index.php\/2024\/05\/27\/el-presidente-de-la-generalitat-carlos-mazon-anuncia-el-proyecto-de-apertura-de-las-urgencias-del-grau-de-gandia-las-24-horas\/","title":{"rendered":"El presidente de la Generalitat, Carlos Maz\u00f3n, anuncia el proyecto de apertura de las Urgencias del Grau de Gandia las 24 horas"},"content":{"rendered":"\n<p>El Partido Popular de la Comunitat Valenciana ha celebrado este fin de semana en Gandia la Convenci\u00f3n Social en la que han querido poner de relieve las medidas m\u00e1s destacadas en el \u00e1mbito social de su primer a\u00f1o de gobierno.<\/p>\n\n\n\n<p>A la misma asistieron m\u00e1s de un millar de personas y fue inaugurada por el presidente del Partido Popular de Gandia, V\u00edctor Soler, en la que destac\u00f3 &#8221;la contraposici\u00f3n entre la gesti\u00f3n social del PPCV y el del PSOE en la ciudad de Gandia al manifestar que el informe anual de la Asociaci\u00f3n estatal de directoras y gerentes de servicios sociales establece que el gasto social que realiza el Ayuntamiento de Gandia es pobre en comparaci\u00f3n al de otros municipios&#8221;.<\/p>\n\n\n\n<p>La vicepresidenta segunda del Consell y consellera de Servicios Sociales, Igualdad y Vivienda quiso destacar que &#8220;el cambio ser\u00e1 social o no era&#8221; a la vez que puso en valor las medidas adoptadas por el gobierno valenciano, as\u00ed como las dificultades por las que ha atravesado su Conselleria debido a la herencia recibida&#8221;.<\/p>\n\n\n\n<p>Durante la jornada se celebraron diversas mesas redondas en las que alcaldes y portavoces de toda la Comunitat Valenciana mostraron ejemplo de gesti\u00f3n en los distintos municipios.<\/p>\n\n\n\n<p>La jornada fue clausurada por el presidente de la Generalitat y del PPCV, Carlos Maz\u00f3n, en la que realiz\u00f3 anuncios importantes para la ciudad de Gandia como es la apertura de las urgencias 24 horas del Grau de Gandia al afirmar que &#8220;lo tenemos ya todo preparado para dicha apertura, solo nos queda que Diana Morant habilite desde el Ministerio de Universidades a los m\u00e9dicos extracomunitario para poder contratarlos.&#8221;<\/p>\n\n\n\n<p>Tambi\u00e9n anunci\u00f3 que a lo largo de 2025 estar\u00e1 ya en marcha el nuevo servicio de transporte interurbano de la Safor-Valldigna.<\/p>\n\n\n\n<p>Durante su intervenci\u00f3n. Carlos Maz\u00f3n ha resaltado que desde que es presidente del Consell est\u00e1 cumpliendo con los compromisos adquiridos en Gand\u00eda. As\u00ed, se ha referido al desbloqueo del centro de educaci\u00f3n y el centro sociosanitario Rois de Corella, as\u00ed como el tranv\u00eda D\u00e9nia- Oliva-Gandia.<\/p>\n\n\n\n<p>Adem\u00e1s, ha agregado que \u201cahora por primera vez en la Safor un paciente no tiene que desplazarse a Valencia para su tratamiento oncol\u00f3gico, sino que ya lo puede recibir sin desplazamiento\u201d.<\/p>\n\n\n\n<p>Por su parte la secretaria general del Partido Popular, Cuca Gamarra, manifest\u00f3 la importancia de las Elecciones Europeas para dar por concluida la etapa de Pedro S\u00e1nchez en la Moncloa.<\/p>\n\n\n\n<figure class=\"wp-block-image size-large\"><img fetchpriority=\"high\" decoding=\"async\" width=\"1024\" height=\"697\" src=\"https:\/\/infogandia.es\/wp-content\/uploads\/2024\/05\/Imagen-de-WhatsApp-2024-05-27-a-las-14.18.12_43e8d317-1-1024x697.jpg\" alt=\"\" class=\"wp-image-3973\" srcset=\"https:\/\/infogandia.es\/wp-content\/uploads\/2024\/05\/Imagen-de-WhatsApp-2024-05-27-a-las-14.18.12_43e8d317-1-1024x697.jpg 1024w, https:\/\/infogandia.es\/wp-content\/uploads\/2024\/05\/Imagen-de-WhatsApp-2024-05-27-a-las-14.18.12_43e8d317-1-300x204.jpg 300w, https:\/\/infogandia.es\/wp-content\/uploads\/2024\/05\/Imagen-de-WhatsApp-2024-05-27-a-las-14.18.12_43e8d317-1-768x523.jpg 768w, https:\/\/infogandia.es\/wp-content\/uploads\/2024\/05\/Imagen-de-WhatsApp-2024-05-27-a-las-14.18.12_43e8d317-1.jpg 1081w\" sizes=\"(max-width: 1024px) 100vw, 1024px\" \/><\/figure>\n","protected":false},"excerpt":{"rendered":"<p>El Partido Popular de la Comunitat Valenciana ha celebrado este fin de semana en Gandia la Convenci\u00f3n Social en la que han querido poner de relieve las medidas m\u00e1s destacadas en el \u00e1mbito social de su primer a\u00f1o de gobierno. A la misma asistieron m\u00e1s de un millar de personas y fue inaugurada por el&#8230;<\/p>\n","protected":false},"author":1,"featured_media":3957,"comment_status":"open","ping_status":"open","sticky":false,"template":"","format":"standard","meta":{"footnotes":""},"categories":[1,27],"tags":[],"class_list":["post-3968","post","type-post","status-publish","format-standard","has-post-thumbnail","hentry","category-actualidad","category-sociedad"],"_links":{"self":[{"href":"https:\/\/infogandia.es\/index.php\/wp-json\/wp\/v2\/posts\/3968","targetHints":{"allow":["GET"]}}],"collection":[{"href":"https:\/\/infogandia.es\/index.php\/wp-json\/wp\/v2\/posts"}],"about":[{"href":"https:\/\/infogandia.es\/index.php\/wp-json\/wp\/v2\/types\/post"}],"author":[{"embeddable":true,"href":"https:\/\/infogandia.es\/index.php\/wp-json\/wp\/v2\/users\/1"}],"replies":[{"embeddable":true,"href":"https:\/\/infogandia.es\/index.php\/wp-json\/wp\/v2\/comments?post=3968"}],"version-history":[{"count":2,"href":"https:\/\/infogandia.es\/index.php\/wp-json\/wp\/v2\/posts\/3968\/revisions"}],"predecessor-version":[{"id":3974,"href":"https:\/\/infogandia.es\/index.php\/wp-json\/wp\/v2\/posts\/3968\/revisions\/3974"}],"wp:featuredmedia":[{"embeddable":true,"href":"https:\/\/infogandia.es\/index.php\/wp-json\/wp\/v2\/media\/3957"}],"wp:attachment":[{"href":"https:\/\/infogandia.es\/index.php\/wp-json\/wp\/v2\/media?parent=3968"}],"wp:term":[{"taxonomy":"category","embeddable":true,"href":"https:\/\/infogandia.es\/index.php\/wp-json\/wp\/v2\/categories?post=3968"},{"taxonomy":"post_tag","embeddable":true,"href":"https:\/\/infogandia.es\/index.php\/wp-json\/wp\/v2\/tags?post=3968"}],"curies":[{"name":"wp","href":"https:\/\/api.w.org\/{rel}","templated":true}]}}