{"id":3975,"date":"2024-05-27T16:00:26","date_gmt":"2024-05-27T16:00:26","guid":{"rendered":"https:\/\/infogandia.es\/?p=3975"},"modified":"2024-05-27T16:00:42","modified_gmt":"2024-05-27T16:00:42","slug":"gandia-intentara-volver-a-ser-sede-de-la-gala-mr-gay-comunitat-valenciana","status":"publish","type":"post","link":"https:\/\/infogandia.es\/index.php\/2024\/05\/27\/gandia-intentara-volver-a-ser-sede-de-la-gala-mr-gay-comunitat-valenciana\/","title":{"rendered":"Gandia intentar\u00e1 volver a ser sede de la gala Mr. Gay Comunitat Valenciana"},"content":{"rendered":"\n<p>La concejala de Turismo, Balbina Sendra, ha valorado positivamente la &#8220;excelente acogida y convocatoria de p\u00fablico&#8221; de la Gala de Mr. Gay Comunitat Valenciana 2024 celebrada el pasado s\u00e1bado en el Moll dels Borja de Gandia.<\/p>\n\n\n\n<p>En primer lugar, Sendra ha destacado que, con esta iniciativa, la ciudad se ha consolidado como destino LGBTIQ+ Friendly y ha agradecido a los organizadores el reconocimiento que entregaron a nuestra ciudad en este sentido. &#8220;La Gala y el reconocimiento suponen una tarjeta de presentaci\u00f3n excelente a la hora de aumentar a\u00fan m\u00e1s el abanico de p\u00fablicos que nos visitan y que permitir\u00e1n que nuestra ciudad siga obteniendo excelentes datos de ocupaci\u00f3n tur\u00edstica y generando nuevas oportunidades&#8221;. &#8220;La Gala de Mr. Gay Comunidad Valenciana 2024 ha proyectado una imagen de nuestra ciudad como destino inclusivo en toda Espa\u00f1a. Ha sido una gran campa\u00f1a publicitaria&#8221;, ha destacado.<\/p>\n\n\n\n<p>Por otra parte, la edila ha avanzado que ya trabaja de la mano de los organizadores para que Gandia vuelva a acoger este tipo de eventos. \u201cLa organizaci\u00f3n ha quedado muy satisfecha con la implicaci\u00f3n de Dest\u00ed Safor y el sector en general, los colectivos y el Ayuntamiento, adem\u00e1s de poder celebrar el evento en un entorno incomparable. Intentaremos que la Gala se quede en nuestra ciudad&#8221;, ha finalizado.<\/p>\n","protected":false},"excerpt":{"rendered":"<p>La concejala de Turismo, Balbina Sendra, ha valorado positivamente la &#8220;excelente acogida y convocatoria de p\u00fablico&#8221; de la Gala de Mr. Gay Comunitat Valenciana 2024 celebrada el pasado s\u00e1bado en el Moll dels Borja de Gandia. En primer lugar, Sendra ha destacado que, con esta iniciativa, la ciudad se ha consolidado como destino LGBTIQ+ Friendly&#8230;<\/p>\n","protected":false},"author":1,"featured_media":3960,"comment_status":"open","ping_status":"open","sticky":false,"template":"","format":"standard","meta":{"footnotes":""},"categories":[1,27],"tags":[],"class_list":["post-3975","post","type-post","status-publish","format-standard","has-post-thumbnail","hentry","category-actualidad","category-sociedad"],"_links":{"self":[{"href":"https:\/\/infogandia.es\/index.php\/wp-json\/wp\/v2\/posts\/3975","targetHints":{"allow":["GET"]}}],"collection":[{"href":"https:\/\/infogandia.es\/index.php\/wp-json\/wp\/v2\/posts"}],"about":[{"href":"https:\/\/infogandia.es\/index.php\/wp-json\/wp\/v2\/types\/post"}],"author":[{"embeddable":true,"href":"https:\/\/infogandia.es\/index.php\/wp-json\/wp\/v2\/users\/1"}],"replies":[{"embeddable":true,"href":"https:\/\/infogandia.es\/index.php\/wp-json\/wp\/v2\/comments?post=3975"}],"version-history":[{"count":1,"href":"https:\/\/infogandia.es\/index.php\/wp-json\/wp\/v2\/posts\/3975\/revisions"}],"predecessor-version":[{"id":3976,"href":"https:\/\/infogandia.es\/index.php\/wp-json\/wp\/v2\/posts\/3975\/revisions\/3976"}],"wp:featuredmedia":[{"embeddable":true,"href":"https:\/\/infogandia.es\/index.php\/wp-json\/wp\/v2\/media\/3960"}],"wp:attachment":[{"href":"https:\/\/infogandia.es\/index.php\/wp-json\/wp\/v2\/media?parent=3975"}],"wp:term":[{"taxonomy":"category","embeddable":true,"href":"https:\/\/infogandia.es\/index.php\/wp-json\/wp\/v2\/categories?post=3975"},{"taxonomy":"post_tag","embeddable":true,"href":"https:\/\/infogandia.es\/index.php\/wp-json\/wp\/v2\/tags?post=3975"}],"curies":[{"name":"wp","href":"https:\/\/api.w.org\/{rel}","templated":true}]}}