{"id":3979,"date":"2024-05-27T16:22:38","date_gmt":"2024-05-27T16:22:38","guid":{"rendered":"https:\/\/infogandia.es\/?p=3979"},"modified":"2024-05-27T16:53:48","modified_gmt":"2024-05-27T16:53:48","slug":"tension-en-el-club-deportivo-beniopa-declaraciones-explosivas-de-joano-fuster","status":"publish","type":"post","link":"https:\/\/infogandia.es\/index.php\/2024\/05\/27\/tension-en-el-club-deportivo-beniopa-declaraciones-explosivas-de-joano-fuster\/","title":{"rendered":"Tensi\u00f3n en el Club Deportivo Beniopa: Declaraciones Explosivas de Joano Fuster"},"content":{"rendered":"\n<figure class=\"wp-block-embed is-type-video is-provider-youtube wp-block-embed-youtube wp-embed-aspect-16-9 wp-has-aspect-ratio\"><div class=\"wp-block-embed__wrapper\">\n<iframe title=\"EL TERTULION GANDIA | Las verdades de Joano que no van a dejar indiferente\u00a0a\u00a0nadie (27 05 2024)\" width=\"640\" height=\"360\" src=\"https:\/\/www.youtube.com\/embed\/c7ngS-Xmc8Q?feature=oembed\" frameborder=\"0\" allow=\"accelerometer; autoplay; clipboard-write; encrypted-media; gyroscope; picture-in-picture; web-share\" referrerpolicy=\"strict-origin-when-cross-origin\" allowfullscreen><\/iframe>\n<\/div><\/figure>\n\n\n\n<p>El ex entrenador ha expresado p\u00fablicamente su frustraci\u00f3n y ha lanzado duras cr\u00edticas hacia la directiva del club, revelando detalles preocupantes sobre la gesti\u00f3n y la carga de trabajo en el equipo. <strong><em>&#8220;Estoy quemado, s\u00ed, estoy quemado&#8221;<\/em><\/strong>, dijo el entrenador durante una entrevista, destacando su insatisfacci\u00f3n con la situaci\u00f3n actual del club.<\/p>\n\n\n\n<p>En sus declaraciones, Joano subray\u00f3 que, a pesar de tener la conciencia tranquila sobre su labor, considera necesario denunciar lo que \u00e9l percibe como una injusticia en la organizaci\u00f3n. <strong><em>&#8220;T\u00fa quieres cobrar lo que cobras, trabaja, pero no puedes ser presidente y luego otra cosa. T\u00fa no puedes cobrar por 12 meses si no est\u00e1s trabajando 12 meses,&#8221;<\/em><\/strong> afirm\u00f3 enf\u00e1ticamente, aludiendo a lo que considera una mala distribuci\u00f3n de responsabilidades y salarios dentro del club.<\/p>\n\n\n\n<p>Adem\u00e1s, critic\u00f3 la falta de reconocimiento hacia su esfuerzo y el del actual presidente en los \u00faltimos a\u00f1os, aunque tambi\u00e9n reconoci\u00f3 los logros alcanzados, como la fusi\u00f3n con el Gand\u00eda y el crecimiento del club. <strong><em>&#8220;Somos 11 equipos o 12 equipos, entre dos personas no pod\u00e9is llevar toda la masa social,&#8221;<\/em><\/strong> a\u00f1adi\u00f3, se\u00f1alando la sobrecarga de trabajo que enfrenta la directiva.<\/p>\n\n\n\n<p>Joano tambi\u00e9n mencion\u00f3 los patrocinadores que ha conseguido para el club y la inversi\u00f3n personal que ha realizado para mantener a los jugadores. <em><strong>&#8220;He pagado gasolina, he primado a los jugadores de mi bolsillo,<\/strong><\/em>&#8221; revel\u00f3, mostrando su compromiso con el equipo m\u00e1s all\u00e1 de sus responsabilidades formales.<\/p>\n\n\n\n<p>A pesar de las dificultades, destac\u00f3 los logros deportivos del club, como el ascenso y la permanencia en la categor\u00eda, aunque reconoci\u00f3 errores y la necesidad de experiencia en la categor\u00eda.&nbsp;<\/p>\n\n\n\n<p>Finalmente, habl\u00f3 sobre su vida personal y c\u00f3mo ha manejado la presi\u00f3n de su trabajo mientras cr\u00eda a sus tres hijos, con especial menci\u00f3n a su esposa, quien ha sido un pilar fundamental en su vida.<em><strong> &#8220;Mi mujer es la que lleva todo cuando yo me voy&#8221;<\/strong><\/em>, coment\u00f3, reconociendo el apoyo invaluable de su familia.<\/p>\n\n\n\n<p>Estas declaraciones han generado un gran revuelo en el entorno del Club Deportivo Beniopa, y se espera que la directiva del club responda a estas acusaciones en los pr\u00f3ximos d\u00edas.<\/p>\n","protected":false},"excerpt":{"rendered":"<p>El ex entrenador ha expresado p\u00fablicamente su frustraci\u00f3n y ha lanzado duras cr\u00edticas hacia la directiva del club, revelando detalles preocupantes sobre la gesti\u00f3n y la carga de trabajo en el equipo. &#8220;Estoy quemado, s\u00ed, estoy quemado&#8221;, dijo el entrenador durante una entrevista, destacando su insatisfacci\u00f3n con la situaci\u00f3n actual del club. En sus declaraciones,&#8230;<\/p>\n","protected":false},"author":1,"featured_media":0,"comment_status":"open","ping_status":"open","sticky":false,"template":"","format":"standard","meta":{"footnotes":""},"categories":[1,4],"tags":[],"class_list":["post-3979","post","type-post","status-publish","format-standard","hentry","category-actualidad","category-deporte"],"_links":{"self":[{"href":"https:\/\/infogandia.es\/index.php\/wp-json\/wp\/v2\/posts\/3979","targetHints":{"allow":["GET"]}}],"collection":[{"href":"https:\/\/infogandia.es\/index.php\/wp-json\/wp\/v2\/posts"}],"about":[{"href":"https:\/\/infogandia.es\/index.php\/wp-json\/wp\/v2\/types\/post"}],"author":[{"embeddable":true,"href":"https:\/\/infogandia.es\/index.php\/wp-json\/wp\/v2\/users\/1"}],"replies":[{"embeddable":true,"href":"https:\/\/infogandia.es\/index.php\/wp-json\/wp\/v2\/comments?post=3979"}],"version-history":[{"count":3,"href":"https:\/\/infogandia.es\/index.php\/wp-json\/wp\/v2\/posts\/3979\/revisions"}],"predecessor-version":[{"id":3983,"href":"https:\/\/infogandia.es\/index.php\/wp-json\/wp\/v2\/posts\/3979\/revisions\/3983"}],"wp:attachment":[{"href":"https:\/\/infogandia.es\/index.php\/wp-json\/wp\/v2\/media?parent=3979"}],"wp:term":[{"taxonomy":"category","embeddable":true,"href":"https:\/\/infogandia.es\/index.php\/wp-json\/wp\/v2\/categories?post=3979"},{"taxonomy":"post_tag","embeddable":true,"href":"https:\/\/infogandia.es\/index.php\/wp-json\/wp\/v2\/tags?post=3979"}],"curies":[{"name":"wp","href":"https:\/\/api.w.org\/{rel}","templated":true}]}}