{"id":3994,"date":"2024-05-29T07:33:03","date_gmt":"2024-05-29T07:33:03","guid":{"rendered":"https:\/\/infogandia.es\/?p=3994"},"modified":"2024-05-29T07:33:03","modified_gmt":"2024-05-29T07:33:03","slug":"la-conselleria-de-educacion-creara-nuevos-titulos-de-formacion-profesional-en-gandia","status":"publish","type":"post","link":"https:\/\/infogandia.es\/index.php\/2024\/05\/29\/la-conselleria-de-educacion-creara-nuevos-titulos-de-formacion-profesional-en-gandia\/","title":{"rendered":"La conselleria de Educaci\u00f3n crear\u00e1 nuevos t\u00edtulos de formaci\u00f3n profesional en Gandia"},"content":{"rendered":"\n<p>El Partido Popular de Gandia, se ha congratulado por la gran apuesta de la Generalitat Valenciana &#8221;en nuestra ciudad, puesta de manifiesto con la creaci\u00f3n de nuevos t\u00edtulos de formaci\u00f3n profesional y la ratificaci\u00f3n del compromiso de la creaci\u00f3n del Centro de Formaci\u00f3n Profesional Dual, centro, prometido por el gobierno del bot\u00e1nic y que, como tantas otras cosas, qued\u00f3 en eso, en promesas y papeles que no supieron poner en marcha&#8221;.<\/p>\n\n\n\n<p>Mar Beltr\u00e1n Alandete, responsable de Educaci\u00f3n en el Grupo Municipal Popular en el Ayuntamiento de Gandia ha manifestado que &#8221;con esta oferta para la capital de la Safor, que abarca los grados de inform\u00e1tica, electr\u00f3nica, administraci\u00f3n, gesti\u00f3n y finanzas, as\u00ed como construcci\u00f3n, se ampl\u00edan y mejoran las optativas ya existentes, con grados de especializaci\u00f3n en disciplinas de gran demanda en la actualidad, lo que augura prometedoras salidas laborales&#8221;.<\/p>\n\n\n\n<p>A esto se a\u00f1ade -indica Beltran Alandete- la apuesta educativa que ser\u00e1 llevada a cabo por el gobierno de Carlos Maz\u00f3n y el Partido Popular en la Generalitat Valenciana, reflejada en la confirmaci\u00f3n, por parte del Conseller Jos\u00e9 Antonio Rovira, de la construcci\u00f3n de un Centro de Formaci\u00f3n Profesional Dual.<\/p>\n\n\n\n<p>Por \u00faltimo Mar Beltran se ha congratulado por esta noticia agradeciendo la implicaci\u00f3n de la Generalitat en el \u00e1mbito de la educaci\u00f3n en nuestra ciudad, a\u00f1adiendo que \u201cfrente a las infundadas acusaciones por parte de los partido de izquierdas, queda demostrada, una vez m\u00e1s, la firme apuesta y el compromiso con la ciudad del President Carlos Maz\u00f3n y el Conseller Jose Antonio Rovira\u201d:<\/p>\n","protected":false},"excerpt":{"rendered":"<p>El Partido Popular de Gandia, se ha congratulado por la gran apuesta de la Generalitat Valenciana &#8221;en nuestra ciudad, puesta de manifiesto con la creaci\u00f3n de nuevos t\u00edtulos de formaci\u00f3n profesional y la ratificaci\u00f3n del compromiso de la creaci\u00f3n del Centro de Formaci\u00f3n Profesional Dual, centro, prometido por el gobierno del bot\u00e1nic y que, como&#8230;<\/p>\n","protected":false},"author":1,"featured_media":3988,"comment_status":"open","ping_status":"open","sticky":false,"template":"","format":"standard","meta":{"footnotes":""},"categories":[1,5,3],"tags":[],"class_list":["post-3994","post","type-post","status-publish","format-standard","has-post-thumbnail","hentry","category-actualidad","category-educacion","category-politica"],"_links":{"self":[{"href":"https:\/\/infogandia.es\/index.php\/wp-json\/wp\/v2\/posts\/3994","targetHints":{"allow":["GET"]}}],"collection":[{"href":"https:\/\/infogandia.es\/index.php\/wp-json\/wp\/v2\/posts"}],"about":[{"href":"https:\/\/infogandia.es\/index.php\/wp-json\/wp\/v2\/types\/post"}],"author":[{"embeddable":true,"href":"https:\/\/infogandia.es\/index.php\/wp-json\/wp\/v2\/users\/1"}],"replies":[{"embeddable":true,"href":"https:\/\/infogandia.es\/index.php\/wp-json\/wp\/v2\/comments?post=3994"}],"version-history":[{"count":1,"href":"https:\/\/infogandia.es\/index.php\/wp-json\/wp\/v2\/posts\/3994\/revisions"}],"predecessor-version":[{"id":3995,"href":"https:\/\/infogandia.es\/index.php\/wp-json\/wp\/v2\/posts\/3994\/revisions\/3995"}],"wp:featuredmedia":[{"embeddable":true,"href":"https:\/\/infogandia.es\/index.php\/wp-json\/wp\/v2\/media\/3988"}],"wp:attachment":[{"href":"https:\/\/infogandia.es\/index.php\/wp-json\/wp\/v2\/media?parent=3994"}],"wp:term":[{"taxonomy":"category","embeddable":true,"href":"https:\/\/infogandia.es\/index.php\/wp-json\/wp\/v2\/categories?post=3994"},{"taxonomy":"post_tag","embeddable":true,"href":"https:\/\/infogandia.es\/index.php\/wp-json\/wp\/v2\/tags?post=3994"}],"curies":[{"name":"wp","href":"https:\/\/api.w.org\/{rel}","templated":true}]}}