{"id":4006,"date":"2024-05-29T08:48:14","date_gmt":"2024-05-29T08:48:14","guid":{"rendered":"https:\/\/infogandia.es\/?p=4006"},"modified":"2024-05-29T08:48:14","modified_gmt":"2024-05-29T08:48:14","slug":"plataforma-vecinal-per-lhorta-de-la-safor-emprende-acciones-legales-contra-la-ampliacion-de-la-cv-60","status":"publish","type":"post","link":"https:\/\/infogandia.es\/index.php\/2024\/05\/29\/plataforma-vecinal-per-lhorta-de-la-safor-emprende-acciones-legales-contra-la-ampliacion-de-la-cv-60\/","title":{"rendered":"Plataforma vecinal &#8216;Per l&#8217;Horta de la Safor&#8217; emprende acciones legales contra la ampliaci\u00f3n de la CV-60"},"content":{"rendered":"\n<p>La plataforma &#8216;Per l&#8217;Horta de la Safor&#8217; anunci\u00f3 p\u00fablicamente que inicia un proceso judicial, argumentando que <strong><em>&#8220;No se puede permitir una obra de estas caracter\u00edsticas en un momento de calentamiento global como el actual&#8221;<\/em><\/strong><\/p>\n\n\n\n<p>Despu\u00e9s de semanas de preparaci\u00f3n y trabajo, la plataforma vecinal &#8216;Per l&#8217;Horta de la Safor&#8217; comunic\u00f3 ayer que ha decidido llevar a cabo acciones legales para detener la ampliaci\u00f3n de la CV-60 en la comarca. Desde hace meses, la plataforma ha estado anunciando en redes sociales que estaban explorando diversas formas de detener este proyecto, incluyendo la distribuci\u00f3n de camisetas con el lema<strong> <em>\u201cEn la comarca nos defendemos\u201d.<\/em><\/strong><\/p>\n\n\n\n<p>Por ello, &#8216;Per l&#8217;Horta de la Safor&#8217; ha informado que ha presentado un recurso contencioso-administrativo, el cual fue admitido a tr\u00e1mite por el Tribunal Superior de Justicia de la Comunidad Valenciana (TSJ-CV) el pasado 26 de abril.<\/p>\n\n\n\n<p>En un comunicado, la plataforma tambi\u00e9n mencion\u00f3 que est\u00e1n finalizando la documentaci\u00f3n t\u00e9cnica que se incluir\u00e1 en el proceso judicial. La organizaci\u00f3n vecinal comarcal insiste en que \u201cno podemos permitir una obra de estas caracter\u00edsticas en un momento de calentamiento global como el actual, donde recursos como la tierra y el agua deben ser protegidos ante las ganancias de unos pocos. En los pr\u00f3ximos d\u00edas lanzaremos una campa\u00f1a abierta para unirnos y fortalecernos en este nuevo camino. No nos detendremos. En la Safor nos defendemos\u201d.<\/p>\n","protected":false},"excerpt":{"rendered":"<p>La plataforma &#8216;Per l&#8217;Horta de la Safor&#8217; anunci\u00f3 p\u00fablicamente que inicia un proceso judicial, argumentando que &#8220;No se puede permitir una obra de estas caracter\u00edsticas en un momento de calentamiento global como el actual&#8221; Despu\u00e9s de semanas de preparaci\u00f3n y trabajo, la plataforma vecinal &#8216;Per l&#8217;Horta de la Safor&#8217; comunic\u00f3 ayer que ha decidido llevar&#8230;<\/p>\n","protected":false},"author":1,"featured_media":4007,"comment_status":"open","ping_status":"open","sticky":false,"template":"","format":"standard","meta":{"footnotes":""},"categories":[1],"tags":[],"class_list":["post-4006","post","type-post","status-publish","format-standard","has-post-thumbnail","hentry","category-actualidad"],"_links":{"self":[{"href":"https:\/\/infogandia.es\/index.php\/wp-json\/wp\/v2\/posts\/4006","targetHints":{"allow":["GET"]}}],"collection":[{"href":"https:\/\/infogandia.es\/index.php\/wp-json\/wp\/v2\/posts"}],"about":[{"href":"https:\/\/infogandia.es\/index.php\/wp-json\/wp\/v2\/types\/post"}],"author":[{"embeddable":true,"href":"https:\/\/infogandia.es\/index.php\/wp-json\/wp\/v2\/users\/1"}],"replies":[{"embeddable":true,"href":"https:\/\/infogandia.es\/index.php\/wp-json\/wp\/v2\/comments?post=4006"}],"version-history":[{"count":1,"href":"https:\/\/infogandia.es\/index.php\/wp-json\/wp\/v2\/posts\/4006\/revisions"}],"predecessor-version":[{"id":4008,"href":"https:\/\/infogandia.es\/index.php\/wp-json\/wp\/v2\/posts\/4006\/revisions\/4008"}],"wp:featuredmedia":[{"embeddable":true,"href":"https:\/\/infogandia.es\/index.php\/wp-json\/wp\/v2\/media\/4007"}],"wp:attachment":[{"href":"https:\/\/infogandia.es\/index.php\/wp-json\/wp\/v2\/media?parent=4006"}],"wp:term":[{"taxonomy":"category","embeddable":true,"href":"https:\/\/infogandia.es\/index.php\/wp-json\/wp\/v2\/categories?post=4006"},{"taxonomy":"post_tag","embeddable":true,"href":"https:\/\/infogandia.es\/index.php\/wp-json\/wp\/v2\/tags?post=4006"}],"curies":[{"name":"wp","href":"https:\/\/api.w.org\/{rel}","templated":true}]}}