{"id":4009,"date":"2024-05-29T08:50:23","date_gmt":"2024-05-29T08:50:23","guid":{"rendered":"https:\/\/infogandia.es\/?p=4009"},"modified":"2024-05-29T08:50:23","modified_gmt":"2024-05-29T08:50:23","slug":"arrestan-en-gandia-a-una-mujer-y-su-expareja-por-una-agresion-mutua-que-termina-con-el-apunalado-y-hospitalizado","status":"publish","type":"post","link":"https:\/\/infogandia.es\/index.php\/2024\/05\/29\/arrestan-en-gandia-a-una-mujer-y-su-expareja-por-una-agresion-mutua-que-termina-con-el-apunalado-y-hospitalizado\/","title":{"rendered":"Arrestan en Gandia a una mujer y su expareja por una agresi\u00f3n mutua que termina con \u00e9l apu\u00f1alado y hospitalizado"},"content":{"rendered":"\n<p>La Polic\u00eda Nacional ha detenido a una mujer y a su expareja en Gandia tras una agresi\u00f3n mutua en la que \u00e9l result\u00f3 herido por apu\u00f1alamiento con arma blanca. El hombre se encuentra hospitalizado con pron\u00f3stico reservado.<\/p>\n\n\n\n<p>Cerca de las 22 horas del pasado lunes, agentes de la Polic\u00eda Nacional de la Comisar\u00eda de Gandia encontraron al hombre herido, quien declar\u00f3 haber tenido una discusi\u00f3n con su expareja en su domicilio, seg\u00fan informaron fuentes de la Jefatura Superior de Polic\u00eda de la Comunitat Valenciana.<\/p>\n\n\n\n<p>Ambos fueron arrestados posteriormente: la mujer por tentativa de homicidio y el hombre por violencia de g\u00e9nero. La investigaci\u00f3n sigue abierta para esclarecer los detalles del incidente.<\/p>\n\n\n\n<p>El hombre, de 48 a\u00f1os, presentaba una herida sangrante causada por un objeto punzante. Fue atendido y trasladado por un SAMU al Hospital de Gandia y, posteriormente, al Hospital Cl\u00ednico de Val\u00e8ncia, donde permanece ingresado con pron\u00f3stico reservado, seg\u00fan fuentes sanitarias.<\/p>\n","protected":false},"excerpt":{"rendered":"<p>La Polic\u00eda Nacional ha detenido a una mujer y a su expareja en Gandia tras una agresi\u00f3n mutua en la que \u00e9l result\u00f3 herido por apu\u00f1alamiento con arma blanca. El hombre se encuentra hospitalizado con pron\u00f3stico reservado. Cerca de las 22 horas del pasado lunes, agentes de la Polic\u00eda Nacional de la Comisar\u00eda de Gandia&#8230;<\/p>\n","protected":false},"author":1,"featured_media":2858,"comment_status":"open","ping_status":"open","sticky":false,"template":"","format":"standard","meta":{"footnotes":""},"categories":[1],"tags":[],"class_list":["post-4009","post","type-post","status-publish","format-standard","has-post-thumbnail","hentry","category-actualidad"],"_links":{"self":[{"href":"https:\/\/infogandia.es\/index.php\/wp-json\/wp\/v2\/posts\/4009","targetHints":{"allow":["GET"]}}],"collection":[{"href":"https:\/\/infogandia.es\/index.php\/wp-json\/wp\/v2\/posts"}],"about":[{"href":"https:\/\/infogandia.es\/index.php\/wp-json\/wp\/v2\/types\/post"}],"author":[{"embeddable":true,"href":"https:\/\/infogandia.es\/index.php\/wp-json\/wp\/v2\/users\/1"}],"replies":[{"embeddable":true,"href":"https:\/\/infogandia.es\/index.php\/wp-json\/wp\/v2\/comments?post=4009"}],"version-history":[{"count":1,"href":"https:\/\/infogandia.es\/index.php\/wp-json\/wp\/v2\/posts\/4009\/revisions"}],"predecessor-version":[{"id":4010,"href":"https:\/\/infogandia.es\/index.php\/wp-json\/wp\/v2\/posts\/4009\/revisions\/4010"}],"wp:featuredmedia":[{"embeddable":true,"href":"https:\/\/infogandia.es\/index.php\/wp-json\/wp\/v2\/media\/2858"}],"wp:attachment":[{"href":"https:\/\/infogandia.es\/index.php\/wp-json\/wp\/v2\/media?parent=4009"}],"wp:term":[{"taxonomy":"category","embeddable":true,"href":"https:\/\/infogandia.es\/index.php\/wp-json\/wp\/v2\/categories?post=4009"},{"taxonomy":"post_tag","embeddable":true,"href":"https:\/\/infogandia.es\/index.php\/wp-json\/wp\/v2\/tags?post=4009"}],"curies":[{"name":"wp","href":"https:\/\/api.w.org\/{rel}","templated":true}]}}