{"id":4011,"date":"2024-05-29T09:22:50","date_gmt":"2024-05-29T09:22:50","guid":{"rendered":"https:\/\/infogandia.es\/?p=4011"},"modified":"2024-05-29T09:24:41","modified_gmt":"2024-05-29T09:24:41","slug":"elecciones-europeas-la-coalicion-pais-i-moviment-rural-se-presenta-con-fuerte-representacion-valenciana","status":"publish","type":"post","link":"https:\/\/infogandia.es\/index.php\/2024\/05\/29\/elecciones-europeas-la-coalicion-pais-i-moviment-rural-se-presenta-con-fuerte-representacion-valenciana\/","title":{"rendered":"Elecciones Europeas: La Coalici\u00f3n &#8216;Pa\u00eds i moviment rural&#8217; Se Presenta con Fuerte Representaci\u00f3n Valenciana"},"content":{"rendered":"\n<figure class=\"wp-block-embed is-type-video is-provider-youtube wp-block-embed-youtube wp-embed-aspect-16-9 wp-has-aspect-ratio\"><div class=\"wp-block-embed__wrapper\">\n<iframe title=\"CARA A CARA | ENRIC BATALLER (25-05-2024)\" width=\"640\" height=\"360\" src=\"https:\/\/www.youtube.com\/embed\/QeVNU_Fv1gQ?feature=oembed\" frameborder=\"0\" allow=\"accelerometer; autoplay; clipboard-write; encrypted-media; gyroscope; picture-in-picture; web-share\" referrerpolicy=\"strict-origin-when-cross-origin\" allowfullscreen><\/iframe>\n<\/div><\/figure>\n\n\n\n<h3 class=\"wp-block-heading\">El pr\u00f3ximo 9 de junio se celebran las elecciones europeas, una oportunidad para elegir a los nuevos miembros del Parlamento Europeo. <\/h3>\n\n\n\n<p>Estas elecciones son cruciales para decidir qui\u00e9n representar\u00e1 a los ciudadanos europeos en un contexto de crecientes tensiones globales y desaf\u00edos internos.<\/p>\n\n\n\n<p>Enric Bataller, exdiputado y profesor de derecho en la Universidad de Valencia, lidera la coalici\u00f3n &#8216;Pa\u00eds i moviment rural&#8217;, compuesta por los partidos valencianos. Esta coalici\u00f3n busca asegurar una representaci\u00f3n fuerte y clara de los intereses mediterr\u00e1neos en el Parlamento Europeo.<\/p>\n\n\n\n<p>Bataller enfatiza la importancia de estas elecciones, especialmente dada la situaci\u00f3n delicada en Europa con el ascenso de la extrema derecha y conflictos en las fronteras. Subraya que es vital tener propuestas pol\u00edticas arraigadas en las realidades locales y defendidas por representantes locales. La coalici\u00f3n busca una representaci\u00f3n valenciana directa, que hist\u00f3ricamente ha sido insuficiente.<\/p>\n\n\n\n<p>La estrategia de  &#8216;Pa\u00eds i moviment rural&#8217; se centra en articular una respuesta mediterr\u00e1nea unida para contrarrestar el predominio de los intereses del norte de Europa. Con el sistema de circunscripci\u00f3n \u00fanica en Espa\u00f1a para las elecciones europeas, cada voto valenciano tiene el mismo peso que los votos de otras regiones, lo que facilita la posibilidad de obtener representaci\u00f3n.<\/p>\n\n\n\n<p>Para asegurar un esca\u00f1o en el Parlamento Europeo, la coalici\u00f3n estima que necesitan alrededor de 400,000 votos. Aunque el objetivo es ambicioso, Bataller conf\u00eda en que es alcanzable, especialmente en un contexto donde el bipartidismo est\u00e1 disminuyendo y hay espacio para nuevas propuestas.<\/p>\n\n\n\n<p>Batallero destaca que las decisiones tomadas en la Uni\u00f3n Europea tienen un impacto directo en \u00e1reas clave como la agricultura, infraestructuras, y la industria. La coalici\u00f3n tambi\u00e9n pretende abordar problemas como la deslocalizaci\u00f3n de empresas debido a diferencias en los salarios m\u00ednimos dentro de la UE, proponiendo una convergencia salarial para evitar estos desequilibrios.<\/p>\n\n\n\n<p>Enric Bataller concluye pidiendo el voto, subrayando la necesidad de que el pueblo valenciano tenga una voz fuerte y directa en el Parlamento Europeo para defender sus intereses y contribuir al bienestar y desarrollo sostenible de la regi\u00f3n.<\/p>\n","protected":false},"excerpt":{"rendered":"<p>El pr\u00f3ximo 9 de junio se celebran las elecciones europeas, una oportunidad para elegir a los nuevos miembros del Parlamento Europeo. Estas elecciones son cruciales para decidir qui\u00e9n representar\u00e1 a los ciudadanos europeos en un contexto de crecientes tensiones globales y desaf\u00edos internos. Enric Bataller, exdiputado y profesor de derecho en la Universidad de Valencia,&#8230;<\/p>\n","protected":false},"author":1,"featured_media":0,"comment_status":"open","ping_status":"open","sticky":false,"template":"","format":"standard","meta":{"footnotes":""},"categories":[1],"tags":[],"class_list":["post-4011","post","type-post","status-publish","format-standard","hentry","category-actualidad"],"_links":{"self":[{"href":"https:\/\/infogandia.es\/index.php\/wp-json\/wp\/v2\/posts\/4011","targetHints":{"allow":["GET"]}}],"collection":[{"href":"https:\/\/infogandia.es\/index.php\/wp-json\/wp\/v2\/posts"}],"about":[{"href":"https:\/\/infogandia.es\/index.php\/wp-json\/wp\/v2\/types\/post"}],"author":[{"embeddable":true,"href":"https:\/\/infogandia.es\/index.php\/wp-json\/wp\/v2\/users\/1"}],"replies":[{"embeddable":true,"href":"https:\/\/infogandia.es\/index.php\/wp-json\/wp\/v2\/comments?post=4011"}],"version-history":[{"count":1,"href":"https:\/\/infogandia.es\/index.php\/wp-json\/wp\/v2\/posts\/4011\/revisions"}],"predecessor-version":[{"id":4012,"href":"https:\/\/infogandia.es\/index.php\/wp-json\/wp\/v2\/posts\/4011\/revisions\/4012"}],"wp:attachment":[{"href":"https:\/\/infogandia.es\/index.php\/wp-json\/wp\/v2\/media?parent=4011"}],"wp:term":[{"taxonomy":"category","embeddable":true,"href":"https:\/\/infogandia.es\/index.php\/wp-json\/wp\/v2\/categories?post=4011"},{"taxonomy":"post_tag","embeddable":true,"href":"https:\/\/infogandia.es\/index.php\/wp-json\/wp\/v2\/tags?post=4011"}],"curies":[{"name":"wp","href":"https:\/\/api.w.org\/{rel}","templated":true}]}}