{"id":4016,"date":"2024-05-29T15:43:36","date_gmt":"2024-05-29T15:43:36","guid":{"rendered":"https:\/\/infogandia.es\/?p=4016"},"modified":"2024-05-29T15:43:36","modified_gmt":"2024-05-29T15:43:36","slug":"gandia-introduce-novedades-en-la-celebracion-del-corpus-christi","status":"publish","type":"post","link":"https:\/\/infogandia.es\/index.php\/2024\/05\/29\/gandia-introduce-novedades-en-la-celebracion-del-corpus-christi\/","title":{"rendered":"Gandia Introduce Novedades en la Celebraci\u00f3n del Corpus Christi"},"content":{"rendered":"\n<p><strong>Ajuntament, Setmana Santa y la Asociaci\u00f3n Balls del Corpus dise\u00f1an una programaci\u00f3n con actividades culturales, tradicionales y religiosas<\/strong><\/p>\n\n\n\n<p>Balbina Sendra, regidora delegada de Cultura, ha presentado esta ma\u00f1ana en rueda de prensa la programaci\u00f3n dise\u00f1ada para la celebraci\u00f3n del Corpus Christi de este a\u00f1o. Durante la comparecencia, Sendra estuvo acompa\u00f1ada por Emili Ripoll, presidente de la Junta Mayor de Hermandades de la Semana Santa de Gandia, y Josep Llu\u00eds Mendieta, en representaci\u00f3n de la Asociaci\u00f3n Balls del Corpus.<\/p>\n\n\n\n<p>La edil calific\u00f3 esta festividad como &#8220;una de las m\u00e1s relevantes para la ciudad, ya que ha logrado involucrar una buena parte del tejido social y c\u00edvico&#8221;. Se\u00f1al\u00f3 que se trata de una celebraci\u00f3n con un componente religioso importante, como la procesi\u00f3n y la misa, pero que tambi\u00e9n incluye actividades paralelas de otro car\u00e1cter, como el concierto de m\u00fasica sacra y las novedades de este a\u00f1o a cargo de la Asociaci\u00f3n Balls del Corpus. &#8220;Cada a\u00f1o se logra ampliar la programaci\u00f3n gracias al trabajo del departamento de Pol\u00edtica Festiva, la Semana Santa y, este a\u00f1o, la Asociaci\u00f3n Balls del Corpus&#8221;, a\u00f1adi\u00f3.<\/p>\n\n\n\n<p>Ripoll destac\u00f3 el peso lit\u00fargico de la festividad. &#8220;El viernes 31 de mayo comenzaremos con el concierto de Semana Santa a cargo del &#8216;Duo Apell\u00e1niz. Piano &amp; Cello&#8217;, que se celebrar\u00e1 en la Casa de la Marquesa a partir de las 20:30 horas&#8221;. A\u00f1adi\u00f3 que la Semana Santa tambi\u00e9n estar\u00e1 presente en la misa del 2 de junio, que se celebrar\u00e1 en la Colegiata a cargo del Abad \u00c1ngel Saneugenio, as\u00ed como en la procesi\u00f3n del Corpus, que partir\u00e1 desde la Plaza Mayor a las 19:30 horas. El presidente de la Junta Mayor de Hermandades destac\u00f3 adem\u00e1s la presencia de los Cirialots y la aportaci\u00f3n del trono del Santo Sepulcro por parte de la Semana Santa.<\/p>\n\n\n\n<p>Finalmente, Mendieta explic\u00f3 que Balls del Corpus es &#8220;una asociaci\u00f3n relativamente nueva que aglutina todos los grupos de baile de la ciudad y tiene como objetivo que la fiesta despierte inter\u00e9s en todos&#8221;. Coment\u00f3 que han intentado hacer crecer la fiesta con m\u00e1s actividades, como la pasacalle del s\u00e1bado que partir\u00e1 desde la Casa de la Marquesa hacia el Ayuntamiento a las 19:00 horas, o la muestra de los elementos del Corpus que tendr\u00e1 lugar el domingo 2 de junio en el Hall del Ayuntamiento.<\/p>\n","protected":false},"excerpt":{"rendered":"<p>Ajuntament, Setmana Santa y la Asociaci\u00f3n Balls del Corpus dise\u00f1an una programaci\u00f3n con actividades culturales, tradicionales y religiosas Balbina Sendra, regidora delegada de Cultura, ha presentado esta ma\u00f1ana en rueda de prensa la programaci\u00f3n dise\u00f1ada para la celebraci\u00f3n del Corpus Christi de este a\u00f1o. Durante la comparecencia, Sendra estuvo acompa\u00f1ada por Emili Ripoll, presidente de&#8230;<\/p>\n","protected":false},"author":1,"featured_media":4017,"comment_status":"open","ping_status":"open","sticky":false,"template":"","format":"standard","meta":{"footnotes":""},"categories":[1,27],"tags":[],"class_list":["post-4016","post","type-post","status-publish","format-standard","has-post-thumbnail","hentry","category-actualidad","category-sociedad"],"_links":{"self":[{"href":"https:\/\/infogandia.es\/index.php\/wp-json\/wp\/v2\/posts\/4016","targetHints":{"allow":["GET"]}}],"collection":[{"href":"https:\/\/infogandia.es\/index.php\/wp-json\/wp\/v2\/posts"}],"about":[{"href":"https:\/\/infogandia.es\/index.php\/wp-json\/wp\/v2\/types\/post"}],"author":[{"embeddable":true,"href":"https:\/\/infogandia.es\/index.php\/wp-json\/wp\/v2\/users\/1"}],"replies":[{"embeddable":true,"href":"https:\/\/infogandia.es\/index.php\/wp-json\/wp\/v2\/comments?post=4016"}],"version-history":[{"count":1,"href":"https:\/\/infogandia.es\/index.php\/wp-json\/wp\/v2\/posts\/4016\/revisions"}],"predecessor-version":[{"id":4018,"href":"https:\/\/infogandia.es\/index.php\/wp-json\/wp\/v2\/posts\/4016\/revisions\/4018"}],"wp:featuredmedia":[{"embeddable":true,"href":"https:\/\/infogandia.es\/index.php\/wp-json\/wp\/v2\/media\/4017"}],"wp:attachment":[{"href":"https:\/\/infogandia.es\/index.php\/wp-json\/wp\/v2\/media?parent=4016"}],"wp:term":[{"taxonomy":"category","embeddable":true,"href":"https:\/\/infogandia.es\/index.php\/wp-json\/wp\/v2\/categories?post=4016"},{"taxonomy":"post_tag","embeddable":true,"href":"https:\/\/infogandia.es\/index.php\/wp-json\/wp\/v2\/tags?post=4016"}],"curies":[{"name":"wp","href":"https:\/\/api.w.org\/{rel}","templated":true}]}}