{"id":4019,"date":"2024-05-29T15:49:06","date_gmt":"2024-05-29T15:49:06","guid":{"rendered":"https:\/\/infogandia.es\/?p=4019"},"modified":"2024-05-29T15:49:06","modified_gmt":"2024-05-29T15:49:06","slug":"gandia-sera-el-epicentro-del-campeonato-de-espana-de-intercomunidades-este-fin-de-semana","status":"publish","type":"post","link":"https:\/\/infogandia.es\/index.php\/2024\/05\/29\/gandia-sera-el-epicentro-del-campeonato-de-espana-de-intercomunidades-este-fin-de-semana\/","title":{"rendered":"Gandia ser\u00e1 el epicentro del Campeonato de Espa\u00f1a de Intercomunidades este fin de semana"},"content":{"rendered":"\n<p><strong>El evento, que celebra su 40\u00aa edici\u00f3n, acoger\u00e1 una liga y una copa de f\u00fatbol 11 y f\u00fatbol 7, as\u00ed como competiciones de f\u00fatbol sala y baloncesto.<\/strong><\/p>\n\n\n\n<p><strong>M\u00e1s de 900 deportistas de toda Espa\u00f1a se alojar\u00e1n en los hoteles de la ciudad.<\/strong><\/p>\n\n\n\n<p>El concejal de Deportes, Jes\u00fas Naveiro, y el presidente de la Asociaci\u00f3n de F\u00fatbol de Empresas (AFES), Julio Santandreu, han anunciado hoy el XL Campeonato de Espa\u00f1a de Intercomunidades, organizado con el apoyo de la Confederaci\u00f3n del Deporte de Aficionados.<\/p>\n\n\n\n<p>El campeonato se desarrollar\u00e1 en Gandia, Tavernes de la Valldigna, Xeraco y la Font d&#8217;en Carr\u00f2s desde el viernes 31 de mayo hasta el domingo 2 de junio. La competici\u00f3n abarcar\u00e1 diversas disciplinas deportivas, incluyendo una liga y una copa de f\u00fatbol 11 y f\u00fatbol 7, as\u00ed como campeonatos de f\u00fatbol sala y baloncesto.<\/p>\n\n\n\n<p><strong><em>&#8220;Debido a la gran cantidad de competiciones, utilizaremos todas las instalaciones de Gandia, como el centro de Ro\u00eds de Corella, el pabell\u00f3n del Raval, el campo de rugby, el Guillem Olag\u00fce, el campo de baloncesto y el campo Fort-Llopis del Grau. Tambi\u00e9n colaboraremos con otros municipios para usar el campo de la Font d&#8217;en Carr\u00f2s, el campo de Xeraco y tanto el campo como el pabell\u00f3n polideportivo de Tavernes&#8221;<\/em><\/strong>, explic\u00f3 Santandreu.<\/p>\n\n\n\n<p>La inauguraci\u00f3n del evento se llevar\u00e1 a cabo a las 19:30 horas del jueves 30 de mayo en el hotel Tres Anclas. Las competiciones comenzar\u00e1n a partir de las 9:00 horas del viernes, momento en que se activar\u00e1n todos los campos.<\/p>\n\n\n\n<p>El s\u00e1bado por la tarde se disputar\u00e1n las semifinales de la liga y la copa de f\u00fatbol 11, as\u00ed como las finales de f\u00fatbol 7, f\u00fatbol sala y baloncesto. El equipo ganador de f\u00fatbol 11 se decidir\u00e1 en la final que tendr\u00e1 lugar el domingo por la ma\u00f1ana.<\/p>\n\n\n\n<p><strong><em>&#8220;Tendremos aproximadamente siete equipos de la Safor. En total, habr\u00e1 m\u00e1s de 1.300 participantes provenientes de lugares como Madrid, Zaragoza, Galicia y Asturias&#8221;<\/em><\/strong>, se\u00f1al\u00f3 el presidente de AFES.<\/p>\n\n\n\n<p>Por su parte, el concejal destac\u00f3 que, adem\u00e1s de los aproximadamente 900 deportistas que acoger\u00e1 la ciudad, tambi\u00e9n llegar\u00e1n acompa\u00f1antes que se alojar\u00e1n en los hoteles, consumir\u00e1n en los restaurantes y comprar\u00e1n en los comercios locales.<\/p>\n\n\n\n<p><strong><em>&#8220;Nuevamente, Gandia apuesta por acoger un evento de gran magnitud, demostrando que el deporte y el turismo pueden ir de la mano, atrayendo a personas y clubes deportivos de empresas de toda Espa\u00f1a. Durante estos d\u00edas, los visitantes podr\u00e1n disfrutar de toda la oferta tur\u00edstica, gastron\u00f3mica y de sol y playa que ofrece la localidad&#8221;<\/em><\/strong>, a\u00f1adi\u00f3.<\/p>\n\n\n\n<p>El edil agradeci\u00f3 a AFES y a su presidente por todo el esfuerzo realizado para llevar a cabo este campeonato, que es especial por coincidir con el 35\u00ba aniversario de la Asociaci\u00f3n.<\/p>\n\n\n\n<p>Finalmente, invit\u00f3 a toda la poblaci\u00f3n de la Safor a asistir al evento, cuyo centro principal ser\u00e1 la capital de la comarca, y dese\u00f3 que los visitantes disfruten de todo lo que el municipio tiene para ofrecer. &#8220;Estoy seguro de que les encantar\u00e1 y querr\u00e1n repetir&#8221;, concluy\u00f3.<\/p>\n\n\n\n<p><\/p>\n\n\n\n<figure class=\"wp-block-image size-large\"><img fetchpriority=\"high\" decoding=\"async\" width=\"1024\" height=\"714\" src=\"https:\/\/infogandia.es\/wp-content\/uploads\/2024\/05\/AO_2812-copia-1024x714.jpg\" alt=\"\" class=\"wp-image-4021\" srcset=\"https:\/\/infogandia.es\/wp-content\/uploads\/2024\/05\/AO_2812-copia-1024x714.jpg 1024w, https:\/\/infogandia.es\/wp-content\/uploads\/2024\/05\/AO_2812-copia-300x209.jpg 300w, https:\/\/infogandia.es\/wp-content\/uploads\/2024\/05\/AO_2812-copia-768x535.jpg 768w, https:\/\/infogandia.es\/wp-content\/uploads\/2024\/05\/AO_2812-copia-1536x1071.jpg 1536w, https:\/\/infogandia.es\/wp-content\/uploads\/2024\/05\/AO_2812-copia.jpg 1772w\" sizes=\"(max-width: 1024px) 100vw, 1024px\" \/><\/figure>\n","protected":false},"excerpt":{"rendered":"<p>El evento, que celebra su 40\u00aa edici\u00f3n, acoger\u00e1 una liga y una copa de f\u00fatbol 11 y f\u00fatbol 7, as\u00ed como competiciones de f\u00fatbol sala y baloncesto. M\u00e1s de 900 deportistas de toda Espa\u00f1a se alojar\u00e1n en los hoteles de la ciudad. El concejal de Deportes, Jes\u00fas Naveiro, y el presidente de la Asociaci\u00f3n de&#8230;<\/p>\n","protected":false},"author":1,"featured_media":4020,"comment_status":"open","ping_status":"open","sticky":false,"template":"","format":"standard","meta":{"footnotes":""},"categories":[1,4],"tags":[],"class_list":["post-4019","post","type-post","status-publish","format-standard","has-post-thumbnail","hentry","category-actualidad","category-deporte"],"_links":{"self":[{"href":"https:\/\/infogandia.es\/index.php\/wp-json\/wp\/v2\/posts\/4019","targetHints":{"allow":["GET"]}}],"collection":[{"href":"https:\/\/infogandia.es\/index.php\/wp-json\/wp\/v2\/posts"}],"about":[{"href":"https:\/\/infogandia.es\/index.php\/wp-json\/wp\/v2\/types\/post"}],"author":[{"embeddable":true,"href":"https:\/\/infogandia.es\/index.php\/wp-json\/wp\/v2\/users\/1"}],"replies":[{"embeddable":true,"href":"https:\/\/infogandia.es\/index.php\/wp-json\/wp\/v2\/comments?post=4019"}],"version-history":[{"count":1,"href":"https:\/\/infogandia.es\/index.php\/wp-json\/wp\/v2\/posts\/4019\/revisions"}],"predecessor-version":[{"id":4022,"href":"https:\/\/infogandia.es\/index.php\/wp-json\/wp\/v2\/posts\/4019\/revisions\/4022"}],"wp:featuredmedia":[{"embeddable":true,"href":"https:\/\/infogandia.es\/index.php\/wp-json\/wp\/v2\/media\/4020"}],"wp:attachment":[{"href":"https:\/\/infogandia.es\/index.php\/wp-json\/wp\/v2\/media?parent=4019"}],"wp:term":[{"taxonomy":"category","embeddable":true,"href":"https:\/\/infogandia.es\/index.php\/wp-json\/wp\/v2\/categories?post=4019"},{"taxonomy":"post_tag","embeddable":true,"href":"https:\/\/infogandia.es\/index.php\/wp-json\/wp\/v2\/tags?post=4019"}],"curies":[{"name":"wp","href":"https:\/\/api.w.org\/{rel}","templated":true}]}}