{"id":4028,"date":"2024-05-29T16:12:29","date_gmt":"2024-05-29T16:12:29","guid":{"rendered":"https:\/\/infogandia.es\/?p=4028"},"modified":"2024-05-29T16:12:30","modified_gmt":"2024-05-29T16:12:30","slug":"sanidad-inaugura-el-area-de-rehabilitacion-en-el-espai-sanitari-rois-de-corella-de-gandia","status":"publish","type":"post","link":"https:\/\/infogandia.es\/index.php\/2024\/05\/29\/sanidad-inaugura-el-area-de-rehabilitacion-en-el-espai-sanitari-rois-de-corella-de-gandia\/","title":{"rendered":"Sanidad Inaugura el \u00c1rea de Rehabilitaci\u00f3n en el Espai Sanitari Ro\u00eds de Corella de Gandia"},"content":{"rendered":"\n<p>La Conselleria de Sanidad ha puesto en marcha el \u00e1rea de Rehabilitaci\u00f3n del Espai Sanitari Ro\u00eds de Corella en Gandia, completando as\u00ed la segunda fase de la apertura progresiva de este nuevo complejo sanitario. Esta fase se centra en la puesta en funcionamiento del edificio central del complejo. La fase final ser\u00e1 la apertura total del nuevo centro de salud integrado, ubicado en el tercer edificio del complejo.<\/p>\n\n\n\n<p>Con el traslado parcial del servicio de Rehabilitaci\u00f3n desde el Hospital Francesc de Borja al Espai Sanitari Ro\u00eds de Corella, los servicios se dividen para atender mejor las necesidades espec\u00edficas de los pacientes. En el nuevo espacio, se atender\u00e1n principalmente a pacientes con patolog\u00edas del aparato locomotor, tanto infantiles como de adultos, as\u00ed como aquellos que requieran tratamientos espec\u00edficos como el suelo p\u00e9lvico, drenaje linf\u00e1tico y fisioterapia.<\/p>\n\n\n\n<p>Las modernas instalaciones del \u00e1rea de Rehabilitaci\u00f3n, ubicadas en la planta baja del edificio central del Ro\u00eds de Corella, incluyen un gimnasio general, un gimnasio infantil y una sala dedicada a tratamientos de suelo p\u00e9lvico y drenaje linf\u00e1tico, adem\u00e1s de la consulta m\u00e9dica. Tambi\u00e9n se ofrecer\u00e1n tratamientos grupales, como la escuela de espalda y la escuela de rodillas.<\/p>\n\n\n\n<p>Por su parte, el Hospital Francesc de Borja continuar\u00e1 atendiendo a pacientes con patolog\u00edas m\u00e1s complejas, como el da\u00f1o cerebral adquirido.<\/p>\n\n\n\n<p>Con esta inauguraci\u00f3n, la Conselleria de Sanidad avanza en su objetivo de mejorar y ampliar los servicios de salud disponibles para los residentes de Gandia, ofreciendo instalaciones de vanguardia y una atenci\u00f3n especializada y de calidad.<\/p>\n","protected":false},"excerpt":{"rendered":"<p>La Conselleria de Sanidad ha puesto en marcha el \u00e1rea de Rehabilitaci\u00f3n del Espai Sanitari Ro\u00eds de Corella en Gandia, completando as\u00ed la segunda fase de la apertura progresiva de este nuevo complejo sanitario. Esta fase se centra en la puesta en funcionamiento del edificio central del complejo. La fase final ser\u00e1 la apertura total&#8230;<\/p>\n","protected":false},"author":1,"featured_media":4029,"comment_status":"open","ping_status":"open","sticky":false,"template":"","format":"standard","meta":{"footnotes":""},"categories":[1],"tags":[],"class_list":["post-4028","post","type-post","status-publish","format-standard","has-post-thumbnail","hentry","category-actualidad"],"_links":{"self":[{"href":"https:\/\/infogandia.es\/index.php\/wp-json\/wp\/v2\/posts\/4028","targetHints":{"allow":["GET"]}}],"collection":[{"href":"https:\/\/infogandia.es\/index.php\/wp-json\/wp\/v2\/posts"}],"about":[{"href":"https:\/\/infogandia.es\/index.php\/wp-json\/wp\/v2\/types\/post"}],"author":[{"embeddable":true,"href":"https:\/\/infogandia.es\/index.php\/wp-json\/wp\/v2\/users\/1"}],"replies":[{"embeddable":true,"href":"https:\/\/infogandia.es\/index.php\/wp-json\/wp\/v2\/comments?post=4028"}],"version-history":[{"count":1,"href":"https:\/\/infogandia.es\/index.php\/wp-json\/wp\/v2\/posts\/4028\/revisions"}],"predecessor-version":[{"id":4030,"href":"https:\/\/infogandia.es\/index.php\/wp-json\/wp\/v2\/posts\/4028\/revisions\/4030"}],"wp:featuredmedia":[{"embeddable":true,"href":"https:\/\/infogandia.es\/index.php\/wp-json\/wp\/v2\/media\/4029"}],"wp:attachment":[{"href":"https:\/\/infogandia.es\/index.php\/wp-json\/wp\/v2\/media?parent=4028"}],"wp:term":[{"taxonomy":"category","embeddable":true,"href":"https:\/\/infogandia.es\/index.php\/wp-json\/wp\/v2\/categories?post=4028"},{"taxonomy":"post_tag","embeddable":true,"href":"https:\/\/infogandia.es\/index.php\/wp-json\/wp\/v2\/tags?post=4028"}],"curies":[{"name":"wp","href":"https:\/\/api.w.org\/{rel}","templated":true}]}}