{"id":4033,"date":"2024-05-29T16:29:48","date_gmt":"2024-05-29T16:29:48","guid":{"rendered":"https:\/\/infogandia.es\/?p=4033"},"modified":"2024-05-29T17:13:05","modified_gmt":"2024-05-29T17:13:05","slug":"conferencia-sobre-la-eutanasia-y-derechos-de-los-pacientes-en-gandia","status":"publish","type":"post","link":"https:\/\/infogandia.es\/index.php\/2024\/05\/29\/conferencia-sobre-la-eutanasia-y-derechos-de-los-pacientes-en-gandia\/","title":{"rendered":"Conferencia sobre la Eutanasia y Derechos de los Pacientes en Gand\u00eda"},"content":{"rendered":"\n<figure class=\"wp-block-embed is-type-video is-provider-youtube wp-block-embed-youtube wp-embed-aspect-16-9 wp-has-aspect-ratio\"><div class=\"wp-block-embed__wrapper\">\n<iframe title=\"EL SENADO (29 05 2024)\" width=\"640\" height=\"360\" src=\"https:\/\/www.youtube.com\/embed\/x6MhxHITKCE?feature=oembed\" frameborder=\"0\" allow=\"accelerometer; autoplay; clipboard-write; encrypted-media; gyroscope; picture-in-picture; web-share\" referrerpolicy=\"strict-origin-when-cross-origin\" allowfullscreen><\/iframe>\n<\/div><\/figure>\n\n\n\n<p>El pr\u00f3ximo 6 de junio a las 19:00 horas se llevar\u00e1 a cabo una conferencia crucial en Fomento (Gand\u00eda), organizada por la Asociaci\u00f3n de Jubilados y Pensionistas de la Safor. El evento, que cuenta con entrada libre y gratuita, abordar\u00e1 temas fundamentales como la eutanasia, los cuidados paliativos y el suicidio asistido.<\/p>\n\n\n\n<p>El ponente principal, el Dr. Alfredo Cortell, psiquiatra y ex jefe de psiquiatr\u00eda del Hospital de Gand\u00eda, explicar\u00e1 en detalle la Ley de Eutanasia. Seg\u00fan el Dr. Cortell, <strong><em>&#8220;la eutanasia permite a las personas decidir c\u00f3mo quieren morir cuando enfrentan enfermedades graves e incurables, garantizando una muerte digna y sin dolor&#8221;.<\/em><\/strong><\/p>\n\n\n\n<p>Adem\u00e1s, se discutir\u00e1 la importancia de las voluntades anticipadas o testamento vital, un documento que permite a las personas expresar sus deseos sobre los tratamientos m\u00e9dicos que desean recibir en caso de no poder comunicarse. Juan L\u00f3pez, miembro del Departamento de Salud de Gand\u00eda, tambi\u00e9n participar\u00e1, enfoc\u00e1ndose en c\u00f3mo facilitar el acceso a este tipo de documentaci\u00f3n.<\/p>\n\n\n\n<p>Antes de la conferencia, el lunes 3 de junio a las 12:00 horas, habr\u00e1 una concentraci\u00f3n frente al Centro de Salud de Beniopa bajo el lema<strong> &#8220;Las listas de espera matan&#8221;.<\/strong> Esta manifestaci\u00f3n busca visibilizar los problemas de las largas esperas en atenci\u00f3n primaria, que actualmente pueden alcanzar hasta 25 d\u00edas, afectando gravemente la salud de los pacientes.<\/p>\n\n\n\n<p>Este evento es una oportunidad para que la comunidad de Gand\u00eda se informe y participe en un debate crucial sobre la dignidad en el final de la vida y el derecho a una muerte sin sufrimiento innecesario. La conferencia no solo est\u00e1 dirigida a jubilados y pensionistas, sino a todas las personas interesadas en comprender y defender sus derechos en situaciones cr\u00edticas de salud.<\/p>\n\n\n\n<p><\/p>\n\n\n\n<figure class=\"wp-block-image size-large\"><img fetchpriority=\"high\" decoding=\"async\" width=\"716\" height=\"1024\" src=\"https:\/\/infogandia.es\/wp-content\/uploads\/2024\/05\/Imagen-de-WhatsApp-2024-05-29-a-las-09.38.44_33a54a1a-716x1024.jpg\" alt=\"\" class=\"wp-image-4036\" srcset=\"https:\/\/infogandia.es\/wp-content\/uploads\/2024\/05\/Imagen-de-WhatsApp-2024-05-29-a-las-09.38.44_33a54a1a-716x1024.jpg 716w, https:\/\/infogandia.es\/wp-content\/uploads\/2024\/05\/Imagen-de-WhatsApp-2024-05-29-a-las-09.38.44_33a54a1a-210x300.jpg 210w, https:\/\/infogandia.es\/wp-content\/uploads\/2024\/05\/Imagen-de-WhatsApp-2024-05-29-a-las-09.38.44_33a54a1a-768x1098.jpg 768w, https:\/\/infogandia.es\/wp-content\/uploads\/2024\/05\/Imagen-de-WhatsApp-2024-05-29-a-las-09.38.44_33a54a1a-1074x1536.jpg 1074w, https:\/\/infogandia.es\/wp-content\/uploads\/2024\/05\/Imagen-de-WhatsApp-2024-05-29-a-las-09.38.44_33a54a1a.jpg 1119w\" sizes=\"(max-width: 716px) 100vw, 716px\" \/><\/figure>\n","protected":false},"excerpt":{"rendered":"<p>El pr\u00f3ximo 6 de junio a las 19:00 horas se llevar\u00e1 a cabo una conferencia crucial en Fomento (Gand\u00eda), organizada por la Asociaci\u00f3n de Jubilados y Pensionistas de la Safor. El evento, que cuenta con entrada libre y gratuita, abordar\u00e1 temas fundamentales como la eutanasia, los cuidados paliativos y el suicidio asistido. El ponente principal,&#8230;<\/p>\n","protected":false},"author":1,"featured_media":0,"comment_status":"open","ping_status":"open","sticky":false,"template":"","format":"standard","meta":{"footnotes":""},"categories":[1],"tags":[],"class_list":["post-4033","post","type-post","status-publish","format-standard","hentry","category-actualidad"],"_links":{"self":[{"href":"https:\/\/infogandia.es\/index.php\/wp-json\/wp\/v2\/posts\/4033","targetHints":{"allow":["GET"]}}],"collection":[{"href":"https:\/\/infogandia.es\/index.php\/wp-json\/wp\/v2\/posts"}],"about":[{"href":"https:\/\/infogandia.es\/index.php\/wp-json\/wp\/v2\/types\/post"}],"author":[{"embeddable":true,"href":"https:\/\/infogandia.es\/index.php\/wp-json\/wp\/v2\/users\/1"}],"replies":[{"embeddable":true,"href":"https:\/\/infogandia.es\/index.php\/wp-json\/wp\/v2\/comments?post=4033"}],"version-history":[{"count":4,"href":"https:\/\/infogandia.es\/index.php\/wp-json\/wp\/v2\/posts\/4033\/revisions"}],"predecessor-version":[{"id":4039,"href":"https:\/\/infogandia.es\/index.php\/wp-json\/wp\/v2\/posts\/4033\/revisions\/4039"}],"wp:attachment":[{"href":"https:\/\/infogandia.es\/index.php\/wp-json\/wp\/v2\/media?parent=4033"}],"wp:term":[{"taxonomy":"category","embeddable":true,"href":"https:\/\/infogandia.es\/index.php\/wp-json\/wp\/v2\/categories?post=4033"},{"taxonomy":"post_tag","embeddable":true,"href":"https:\/\/infogandia.es\/index.php\/wp-json\/wp\/v2\/tags?post=4033"}],"curies":[{"name":"wp","href":"https:\/\/api.w.org\/{rel}","templated":true}]}}