{"id":4090,"date":"2024-06-05T08:24:53","date_gmt":"2024-06-05T08:24:53","guid":{"rendered":"https:\/\/infogandia.es\/?p=4090"},"modified":"2024-06-05T08:24:54","modified_gmt":"2024-06-05T08:24:54","slug":"balbina-sendra-valora-positivamente-las-actividades-del-corpus-christi","status":"publish","type":"post","link":"https:\/\/infogandia.es\/index.php\/2024\/06\/05\/balbina-sendra-valora-positivamente-las-actividades-del-corpus-christi\/","title":{"rendered":"Balbina Sendra Valora Positivamente las Actividades del Corpus Christi"},"content":{"rendered":"\n<p>Balbina Sendra, regidora delegada de Cultura, ha valorado esta ma\u00f1ana las actividades organizadas durante el fin de semana con motivo del Corpus Christi.<\/p>\n\n\n\n<p>Sendra ha destacado la buena acogida de las novedades de este a\u00f1o, como la muestra de elementos del Corpus, de la cual ha afirmado: &#8220;Estudiaremos la posibilidad de prolongar la muestra, ya que muchas personas mostraron inter\u00e9s&#8221;. Tambi\u00e9n ha agradecido la participaci\u00f3n de la Asociaci\u00f3n Balls del Corpus en los bailes, reconociendo su implicaci\u00f3n. &#8220;Poco a poco estamos logrando que parte del tejido social y c\u00edvico se sume a una celebraci\u00f3n que, aunque tiene un aspecto religioso, tambi\u00e9n incluye actividades paralelas que atraen a muchas personas&#8221;, a\u00f1adi\u00f3.<\/p>\n\n\n\n<p>En cuanto a la parte religiosa, se celebr\u00f3 una misa en la Colegiata oficiada por el Abad \u00c1ngel Saneugenio, a la que asistieron el alcalde de Gandia, Jos\u00e9 Manuel Prieto, representantes del ayuntamiento, miembros de la Semana Santa, as\u00ed como integrantes de entidades y colectivos de Gandia y fuerzas y cuerpos de seguridad. Posteriormente, se llev\u00f3 a cabo la procesi\u00f3n, presidida por la m\u00e1xima autoridad municipal.<\/p>\n","protected":false},"excerpt":{"rendered":"<p>Balbina Sendra, regidora delegada de Cultura, ha valorado esta ma\u00f1ana las actividades organizadas durante el fin de semana con motivo del Corpus Christi. Sendra ha destacado la buena acogida de las novedades de este a\u00f1o, como la muestra de elementos del Corpus, de la cual ha afirmado: &#8220;Estudiaremos la posibilidad de prolongar la muestra, ya&#8230;<\/p>\n","protected":false},"author":1,"featured_media":4091,"comment_status":"open","ping_status":"open","sticky":false,"template":"","format":"standard","meta":{"footnotes":""},"categories":[1],"tags":[],"class_list":["post-4090","post","type-post","status-publish","format-standard","has-post-thumbnail","hentry","category-actualidad"],"_links":{"self":[{"href":"https:\/\/infogandia.es\/index.php\/wp-json\/wp\/v2\/posts\/4090","targetHints":{"allow":["GET"]}}],"collection":[{"href":"https:\/\/infogandia.es\/index.php\/wp-json\/wp\/v2\/posts"}],"about":[{"href":"https:\/\/infogandia.es\/index.php\/wp-json\/wp\/v2\/types\/post"}],"author":[{"embeddable":true,"href":"https:\/\/infogandia.es\/index.php\/wp-json\/wp\/v2\/users\/1"}],"replies":[{"embeddable":true,"href":"https:\/\/infogandia.es\/index.php\/wp-json\/wp\/v2\/comments?post=4090"}],"version-history":[{"count":1,"href":"https:\/\/infogandia.es\/index.php\/wp-json\/wp\/v2\/posts\/4090\/revisions"}],"predecessor-version":[{"id":4092,"href":"https:\/\/infogandia.es\/index.php\/wp-json\/wp\/v2\/posts\/4090\/revisions\/4092"}],"wp:featuredmedia":[{"embeddable":true,"href":"https:\/\/infogandia.es\/index.php\/wp-json\/wp\/v2\/media\/4091"}],"wp:attachment":[{"href":"https:\/\/infogandia.es\/index.php\/wp-json\/wp\/v2\/media?parent=4090"}],"wp:term":[{"taxonomy":"category","embeddable":true,"href":"https:\/\/infogandia.es\/index.php\/wp-json\/wp\/v2\/categories?post=4090"},{"taxonomy":"post_tag","embeddable":true,"href":"https:\/\/infogandia.es\/index.php\/wp-json\/wp\/v2\/tags?post=4090"}],"curies":[{"name":"wp","href":"https:\/\/api.w.org\/{rel}","templated":true}]}}