{"id":4093,"date":"2024-06-05T08:29:04","date_gmt":"2024-06-05T08:29:04","guid":{"rendered":"https:\/\/infogandia.es\/?p=4093"},"modified":"2024-06-05T08:29:04","modified_gmt":"2024-06-05T08:29:04","slug":"el-ayuntamiento-de-tavernes-trabaja-para-habilitar-18-000-metros-cuadrados-de-aparcamiento-en-la-playa","status":"publish","type":"post","link":"https:\/\/infogandia.es\/index.php\/2024\/06\/05\/el-ayuntamiento-de-tavernes-trabaja-para-habilitar-18-000-metros-cuadrados-de-aparcamiento-en-la-playa\/","title":{"rendered":"El Ayuntamiento de Tavernes Trabaja para Habilitar 18.000 Metros Cuadrados de Aparcamiento en la Playa"},"content":{"rendered":"\n<p>Demarcaci\u00f3n de Costas, a trav\u00e9s del Gobierno de Espa\u00f1a, prev\u00e9 verter 9.000 metros c\u00fabicos de arena en la playa de la Goleta en las pr\u00f3ximas semanas.<\/p>\n\n\n\n<p>El Ayuntamiento de Tavernes de la Valldigna est\u00e1 trabajando para habilitar unos 18.000 metros cuadrados de aparcamiento en la playa. Esta medida busca anticiparse a los problemas de falta de estacionamiento en la parcela de 5.000 metros cuadrados donde se acumula arena almacenada. Para facilitar el estacionamiento a residentes y visitantes, se acondicionar\u00e1n diversos espacios en diferentes puntos de la playa de Tavernes.<\/p>\n\n\n\n<p>Las nuevas zonas de estacionamiento incluyen \u00e1reas ya utilizadas y nuevas ubicaciones como la zona detr\u00e1s del edificio Jaima, la iglesia, la Torre de Guaita, la zona sur detr\u00e1s del restaurante Pizza Pazza y la zona norte detr\u00e1s de la avenida Blasco Ib\u00e1\u00f1ez. Tambi\u00e9n se reabrir\u00e1 el espacio de estacionamiento en la avenida de La Marina, cerca del restaurante Calipso.<\/p>\n\n\n\n<p>La alcaldesa Lara Romero ha informado esta ma\u00f1ana que Demarcaci\u00f3n de Costas, a trav\u00e9s del Gobierno de Espa\u00f1a, prev\u00e9 verter 9.000 metros c\u00fabicos de arena en la playa de la Goleta en las pr\u00f3ximas semanas. Esta acci\u00f3n responde al compromiso de asegurar arena antes de la temporada alta de verano, mientras se llevan a cabo los tr\u00e1mites administrativos para el contrato de vertido de la arena almacenada o el proyecto dentro del Plan de Regeneraci\u00f3n de Playas del Gobierno de Espa\u00f1a, con una inversi\u00f3n de 20 millones de euros.<\/p>\n\n\n\n<p>\u201cMientras llega ese momento, Tavernes no pod\u00eda esperar, y como alcaldesa me compromet\u00ed a que nuestra playa tuviera la arena necesaria. El ministerio es consciente de que, mientras llega el proyecto definitivo, hay que paliar la situaci\u00f3n. El Gobierno de Espa\u00f1a nos ha dado la posibilidad de disponer de m\u00e1s de 20.000 metros c\u00fabicos de arena, y ya los tenemos aqu\u00ed\u201d, explic\u00f3 la alcaldesa Lara Romero.<\/p>\n\n\n\n<p>A\u00f1adi\u00f3 que la arena actualmente almacenada tiene piedras y otros materiales, y requiere un tratamiento especial. &#8220;Hay un proyecto para filtrar y verter la arena en unas 6 semanas, y no podemos permitir cerrar la playa en julio o agosto&#8221;, se\u00f1al\u00f3 la alcaldesa.<\/p>\n\n\n\n<p>Lara Romero asegur\u00f3 que la arena almacenada se verter\u00e1 en la playa y resalt\u00f3 que, aunque muchos lo consideran un problema, es una gran soluci\u00f3n y respuesta del Gobierno de Espa\u00f1a a una petici\u00f3n urgente del Ayuntamiento de Tavernes para solucionar la p\u00e9rdida de metros de arena en las playas.<\/p>\n\n\n\n<p>Finalmente, la alcaldesa reconoci\u00f3 que los montones de arena pueden resultar molestos para los vecinos en d\u00edas de viento, pero subray\u00f3 que, como en cualquier obra p\u00fablica, el bien general debe prevalecer sobre el inter\u00e9s individual.<\/p>\n","protected":false},"excerpt":{"rendered":"<p>Demarcaci\u00f3n de Costas, a trav\u00e9s del Gobierno de Espa\u00f1a, prev\u00e9 verter 9.000 metros c\u00fabicos de arena en la playa de la Goleta en las pr\u00f3ximas semanas. El Ayuntamiento de Tavernes de la Valldigna est\u00e1 trabajando para habilitar unos 18.000 metros cuadrados de aparcamiento en la playa. Esta medida busca anticiparse a los problemas de falta&#8230;<\/p>\n","protected":false},"author":1,"featured_media":4094,"comment_status":"open","ping_status":"open","sticky":false,"template":"","format":"standard","meta":{"footnotes":""},"categories":[1],"tags":[],"class_list":["post-4093","post","type-post","status-publish","format-standard","has-post-thumbnail","hentry","category-actualidad"],"_links":{"self":[{"href":"https:\/\/infogandia.es\/index.php\/wp-json\/wp\/v2\/posts\/4093","targetHints":{"allow":["GET"]}}],"collection":[{"href":"https:\/\/infogandia.es\/index.php\/wp-json\/wp\/v2\/posts"}],"about":[{"href":"https:\/\/infogandia.es\/index.php\/wp-json\/wp\/v2\/types\/post"}],"author":[{"embeddable":true,"href":"https:\/\/infogandia.es\/index.php\/wp-json\/wp\/v2\/users\/1"}],"replies":[{"embeddable":true,"href":"https:\/\/infogandia.es\/index.php\/wp-json\/wp\/v2\/comments?post=4093"}],"version-history":[{"count":1,"href":"https:\/\/infogandia.es\/index.php\/wp-json\/wp\/v2\/posts\/4093\/revisions"}],"predecessor-version":[{"id":4095,"href":"https:\/\/infogandia.es\/index.php\/wp-json\/wp\/v2\/posts\/4093\/revisions\/4095"}],"wp:featuredmedia":[{"embeddable":true,"href":"https:\/\/infogandia.es\/index.php\/wp-json\/wp\/v2\/media\/4094"}],"wp:attachment":[{"href":"https:\/\/infogandia.es\/index.php\/wp-json\/wp\/v2\/media?parent=4093"}],"wp:term":[{"taxonomy":"category","embeddable":true,"href":"https:\/\/infogandia.es\/index.php\/wp-json\/wp\/v2\/categories?post=4093"},{"taxonomy":"post_tag","embeddable":true,"href":"https:\/\/infogandia.es\/index.php\/wp-json\/wp\/v2\/tags?post=4093"}],"curies":[{"name":"wp","href":"https:\/\/api.w.org\/{rel}","templated":true}]}}