{"id":4103,"date":"2024-06-05T15:04:46","date_gmt":"2024-06-05T15:04:46","guid":{"rendered":"https:\/\/infogandia.es\/?p=4103"},"modified":"2024-06-05T15:04:46","modified_gmt":"2024-06-05T15:04:46","slug":"la-directora-general-de-salud-publica-visita-el-centro-rois-de-corella-en-gandia","status":"publish","type":"post","link":"https:\/\/infogandia.es\/index.php\/2024\/06\/05\/la-directora-general-de-salud-publica-visita-el-centro-rois-de-corella-en-gandia\/","title":{"rendered":"La Directora General de Salud P\u00fablica Visita el Centro Ro\u00eds de Corella en Gandia"},"content":{"rendered":"\n<p>Ruth Us\u00f3, directora general de Salud P\u00fablica de la Generalitat, visit\u00f3 las nuevas instalaciones del Centro de Salud P\u00fablica de Gandia, situado en el Espai Ro\u00eds de Corella. Durante su visita, Us\u00f3 destac\u00f3 el papel crucial de los profesionales de salud p\u00fablica en la promoci\u00f3n de la salud comunitaria, subrayando la importancia de la cercan\u00eda a la poblaci\u00f3n para lograr mejores resultados en los programas de prevenci\u00f3n y promoci\u00f3n de la salud.<\/p>\n\n\n\n<p>En su intervenci\u00f3n, Us\u00f3 agradeci\u00f3 a los trabajadores por su dedicaci\u00f3n diaria y su esfuerzo en implementar las l\u00edneas estrat\u00e9gicas de la Conselleria de Sanidad en materia de salud p\u00fablica. &#8220;La cercan\u00eda a la poblaci\u00f3n es fundamental para que los programas de prevenci\u00f3n y promoci\u00f3n tengan resultados \u00f3ptimos que se traduzcan en una mejora de la calidad de vida y de la salud de la ciudadan\u00eda&#8221;, afirm\u00f3.<\/p>\n\n\n\n<p>Ruth Us\u00f3 visit\u00f3 las nuevas instalaciones del Centro de Salud P\u00fablica de Gandia como parte de una ronda de visitas a todos los Centros de Salud P\u00fablica de la Comunitat Valenciana. En esta ocasi\u00f3n, estuvo acompa\u00f1ada por Mar\u00eda Giron\u00e9s, directora del centro de Salud P\u00fablica de Gandia.<\/p>\n\n\n\n<p>Durante su discurso, la directora general valor\u00f3 el trabajo realizado en vigilancia epidemiol\u00f3gica y prevenci\u00f3n de enfermedades, destacando la coordinaci\u00f3n entre los equipos de atenci\u00f3n primaria, atenci\u00f3n hospitalaria y salud p\u00fablica, as\u00ed como la colaboraci\u00f3n con instituciones municipales y comarcales.<\/p>\n\n\n\n<p>Posteriormente, Us\u00f3 se dirigi\u00f3 al Hospital Universitario Francesc de Borja, donde se reuni\u00f3 con parte del equipo directivo del Departamento de Salud de Gandia. Durante esta reuni\u00f3n, se le detall\u00f3 el sistema de gesti\u00f3n departamental y la integraci\u00f3n de Salud P\u00fablica en dicho sistema.<\/p>\n\n\n\n<p>El nuevo Centro de Salud P\u00fablica de Gandia se encuentra en las tres primeras plantas del edificio de la calle Sant Pere. Estas instalaciones incluyen \u00e1reas dedicadas a seguridad alimentaria, promoci\u00f3n de la salud, programas de prevenci\u00f3n, epidemiolog\u00eda, sanidad ambiental y salud laboral.<\/p>\n\n\n\n<p>El traslado del centro ha permitido una ampliaci\u00f3n significativa de los espacios destinados a estos servicios. En detalle, el \u00e1rea de Seguridad Alimentaria cuenta con ocho despachos, Promoci\u00f3n de la Salud y Salud Laboral dispone de seis despachos, y Vigilancia de la Salud, que abarca Sanidad Ambiental y Epidemiolog\u00eda, est\u00e1 dotada de cinco despachos adicionales. Otros cinco despachos est\u00e1n destinados a direcci\u00f3n y administraci\u00f3n.<\/p>\n\n\n\n<p>Adem\u00e1s, las nuevas instalaciones incluyen un sal\u00f3n de actos con capacidad para 50 personas, un \u00e1rea de atenci\u00f3n sanitaria con su correspondiente sala de espera, almacenes, aseos y un espacio para el mantenimiento refrigerado de vacunas.<\/p>\n\n\n\n<p>Esta visita y la puesta en marcha de las nuevas instalaciones reflejan el compromiso de la Generalitat Valenciana con la mejora continua de los servicios de salud p\u00fablica y la promoci\u00f3n de la salud en la comunidad.<\/p>\n","protected":false},"excerpt":{"rendered":"<p>Ruth Us\u00f3, directora general de Salud P\u00fablica de la Generalitat, visit\u00f3 las nuevas instalaciones del Centro de Salud P\u00fablica de Gandia, situado en el Espai Ro\u00eds de Corella. Durante su visita, Us\u00f3 destac\u00f3 el papel crucial de los profesionales de salud p\u00fablica en la promoci\u00f3n de la salud comunitaria, subrayando la importancia de la cercan\u00eda&#8230;<\/p>\n","protected":false},"author":1,"featured_media":4029,"comment_status":"open","ping_status":"open","sticky":false,"template":"","format":"standard","meta":{"footnotes":""},"categories":[1],"tags":[],"class_list":["post-4103","post","type-post","status-publish","format-standard","has-post-thumbnail","hentry","category-actualidad"],"_links":{"self":[{"href":"https:\/\/infogandia.es\/index.php\/wp-json\/wp\/v2\/posts\/4103","targetHints":{"allow":["GET"]}}],"collection":[{"href":"https:\/\/infogandia.es\/index.php\/wp-json\/wp\/v2\/posts"}],"about":[{"href":"https:\/\/infogandia.es\/index.php\/wp-json\/wp\/v2\/types\/post"}],"author":[{"embeddable":true,"href":"https:\/\/infogandia.es\/index.php\/wp-json\/wp\/v2\/users\/1"}],"replies":[{"embeddable":true,"href":"https:\/\/infogandia.es\/index.php\/wp-json\/wp\/v2\/comments?post=4103"}],"version-history":[{"count":1,"href":"https:\/\/infogandia.es\/index.php\/wp-json\/wp\/v2\/posts\/4103\/revisions"}],"predecessor-version":[{"id":4104,"href":"https:\/\/infogandia.es\/index.php\/wp-json\/wp\/v2\/posts\/4103\/revisions\/4104"}],"wp:featuredmedia":[{"embeddable":true,"href":"https:\/\/infogandia.es\/index.php\/wp-json\/wp\/v2\/media\/4029"}],"wp:attachment":[{"href":"https:\/\/infogandia.es\/index.php\/wp-json\/wp\/v2\/media?parent=4103"}],"wp:term":[{"taxonomy":"category","embeddable":true,"href":"https:\/\/infogandia.es\/index.php\/wp-json\/wp\/v2\/categories?post=4103"},{"taxonomy":"post_tag","embeddable":true,"href":"https:\/\/infogandia.es\/index.php\/wp-json\/wp\/v2\/tags?post=4103"}],"curies":[{"name":"wp","href":"https:\/\/api.w.org\/{rel}","templated":true}]}}