{"id":4119,"date":"2024-06-12T08:09:28","date_gmt":"2024-06-12T08:09:28","guid":{"rendered":"https:\/\/infogandia.es\/?p=4119"},"modified":"2024-06-12T08:09:28","modified_gmt":"2024-06-12T08:09:28","slug":"abierta-la-inscripcion-para-las-actividades-de-verano-del-programa-activa-joven-de-gandia","status":"publish","type":"post","link":"https:\/\/infogandia.es\/index.php\/2024\/06\/12\/abierta-la-inscripcion-para-las-actividades-de-verano-del-programa-activa-joven-de-gandia\/","title":{"rendered":"Abierta la inscripci\u00f3n para las actividades de verano del programa &#8216;Activa Joven&#8217; de Gandia"},"content":{"rendered":"\n<p>La concejala de Juventud, Inma Rodr\u00edguez, acompa\u00f1ada por la t\u00e9cnica municipal Isabel Agust\u00ed, ha presentado esta ma\u00f1ana en rueda de prensa el programa &#8216;Activa Joven&#8217;, que inicia sus actividades este s\u00e1bado 15 de junio. De esta manera, el departamento de Juventud del Ayuntamiento de Gandia continuar\u00e1 apostando, con la colaboraci\u00f3n del Consejo de los J\u00f3venes (CjG), por el ocio alternativo y saludable.<\/p>\n\n\n\n<p>La edil ha explicado que, tras el \u00e9xito de participaci\u00f3n en las actividades de &#8216;Activa Joven&#8217; del mes de mayo, el departamento ha decidido seguir ofreciendo actividades de ocio para un verano diferente, programando actividades consensuadas con los j\u00f3venes para que las propuestas &#8220;puedan perdurar en el tiempo y se puedan realizar de manera aut\u00f3noma&#8221;. &#8220;Como siempre, animamos a todos los j\u00f3venes de Gandia a participar en estas actividades y aprovechar la ocasi\u00f3n para realizar diferentes actividades sin coste&#8221;.<\/p>\n\n\n\n<p>As\u00ed, este s\u00e1bado 15 de junio en la Plaza Jardinet, habr\u00e1 diversas propuestas dentro de las actividades de la Junta de Distrito del barrio de Corea en horario de 17 a 20 horas.<\/p>\n\n\n\n<p>Para julio, se han programado actividades n\u00e1uticas como kayak, paddle surf y p\u00e1del gigante, que se desarrollar\u00e1n en Gandia Surf del 20 al 27 de julio de 10:30 a 13:30 horas.<\/p>\n\n\n\n<p>Respecto a esta iniciativa, la concejala ha informado que las plazas son limitadas, por lo que es necesario hacer una reserva previa que se podr\u00e1 realizar mediante el c\u00f3digo QR del cartel que se colocar\u00e1 en los centros educativos, en la web municipal o a trav\u00e9s de la sede electr\u00f3nica del Ayuntamiento de Gandia en el departamento de juventud.<\/p>\n\n\n\n<p>Todas las actividades son gratuitas y se pueden consultar en el Instagram del Departamento de Juventud del Ayuntamiento de Gandia: @espaijovegandia. Adem\u00e1s, cualquier duda se puede consultar en el correo electr\u00f3nico espaijove@gandia.org<\/p>\n\n\n\n<figure class=\"wp-block-image size-large\"><img fetchpriority=\"high\" decoding=\"async\" width=\"1024\" height=\"714\" src=\"https:\/\/infogandia.es\/wp-content\/uploads\/2024\/06\/AO_9428-copia-1024x714.jpg\" alt=\"\" class=\"wp-image-4121\" srcset=\"https:\/\/infogandia.es\/wp-content\/uploads\/2024\/06\/AO_9428-copia-1024x714.jpg 1024w, https:\/\/infogandia.es\/wp-content\/uploads\/2024\/06\/AO_9428-copia-300x209.jpg 300w, https:\/\/infogandia.es\/wp-content\/uploads\/2024\/06\/AO_9428-copia-768x535.jpg 768w, https:\/\/infogandia.es\/wp-content\/uploads\/2024\/06\/AO_9428-copia-1536x1071.jpg 1536w, https:\/\/infogandia.es\/wp-content\/uploads\/2024\/06\/AO_9428-copia.jpg 1772w\" sizes=\"(max-width: 1024px) 100vw, 1024px\" \/><\/figure>\n","protected":false},"excerpt":{"rendered":"<p>La concejala de Juventud, Inma Rodr\u00edguez, acompa\u00f1ada por la t\u00e9cnica municipal Isabel Agust\u00ed, ha presentado esta ma\u00f1ana en rueda de prensa el programa &#8216;Activa Joven&#8217;, que inicia sus actividades este s\u00e1bado 15 de junio. De esta manera, el departamento de Juventud del Ayuntamiento de Gandia continuar\u00e1 apostando, con la colaboraci\u00f3n del Consejo de los J\u00f3venes&#8230;<\/p>\n","protected":false},"author":1,"featured_media":4120,"comment_status":"open","ping_status":"open","sticky":false,"template":"","format":"standard","meta":{"footnotes":""},"categories":[1,27],"tags":[],"class_list":["post-4119","post","type-post","status-publish","format-standard","has-post-thumbnail","hentry","category-actualidad","category-sociedad"],"_links":{"self":[{"href":"https:\/\/infogandia.es\/index.php\/wp-json\/wp\/v2\/posts\/4119","targetHints":{"allow":["GET"]}}],"collection":[{"href":"https:\/\/infogandia.es\/index.php\/wp-json\/wp\/v2\/posts"}],"about":[{"href":"https:\/\/infogandia.es\/index.php\/wp-json\/wp\/v2\/types\/post"}],"author":[{"embeddable":true,"href":"https:\/\/infogandia.es\/index.php\/wp-json\/wp\/v2\/users\/1"}],"replies":[{"embeddable":true,"href":"https:\/\/infogandia.es\/index.php\/wp-json\/wp\/v2\/comments?post=4119"}],"version-history":[{"count":1,"href":"https:\/\/infogandia.es\/index.php\/wp-json\/wp\/v2\/posts\/4119\/revisions"}],"predecessor-version":[{"id":4122,"href":"https:\/\/infogandia.es\/index.php\/wp-json\/wp\/v2\/posts\/4119\/revisions\/4122"}],"wp:featuredmedia":[{"embeddable":true,"href":"https:\/\/infogandia.es\/index.php\/wp-json\/wp\/v2\/media\/4120"}],"wp:attachment":[{"href":"https:\/\/infogandia.es\/index.php\/wp-json\/wp\/v2\/media?parent=4119"}],"wp:term":[{"taxonomy":"category","embeddable":true,"href":"https:\/\/infogandia.es\/index.php\/wp-json\/wp\/v2\/categories?post=4119"},{"taxonomy":"post_tag","embeddable":true,"href":"https:\/\/infogandia.es\/index.php\/wp-json\/wp\/v2\/tags?post=4119"}],"curies":[{"name":"wp","href":"https:\/\/api.w.org\/{rel}","templated":true}]}}