{"id":4135,"date":"2024-06-12T15:49:07","date_gmt":"2024-06-12T15:49:07","guid":{"rendered":"https:\/\/infogandia.es\/?p=4135"},"modified":"2024-06-12T15:49:08","modified_gmt":"2024-06-12T15:49:08","slug":"renfe-incrementa-la-oferta-de-servicios-intercity-entre-madrid-y-gandia-durante-el-verano","status":"publish","type":"post","link":"https:\/\/infogandia.es\/index.php\/2024\/06\/12\/renfe-incrementa-la-oferta-de-servicios-intercity-entre-madrid-y-gandia-durante-el-verano\/","title":{"rendered":"Renfe incrementa la oferta de servicios Intercity entre Madrid y Gand\u00eda durante el verano"},"content":{"rendered":"\n<ul class=\"wp-block-list\">\n<li>Jos\u00e9 Manuel Prieto: &#8220;Dispondremos de un mejor servicio en una \u00e9poca importante para nuestro turismo con un servicio que garantizar\u00e1 la afluencia&#8221;<\/li>\n\n\n\n<li>La frecuencia aumenta de 2 a 14 trenes semanales, lo que supone 3.900 plazas cada semana<\/li>\n<\/ul>\n\n\n\n<p>Gand\u00eda contar\u00e1 desde el 22 de junio hasta el 1 de septiembre con una l\u00ednea diaria de Intercity que conectar\u00e1 la capital de la Safor con Madrid. As\u00ed, circular\u00e1 un Intercity diario por sentido entre Madrid y Gand\u00eda.<\/p>\n\n\n\n<p>El alcalde de Gand\u00eda, Jos\u00e9 Manuel Prieto, ha indicado que es una &#8220;buena noticia&#8221; el anuncio que ha trasladado RENFE, entidad dependiente del Ministerio de Transportes, Movilidad y Agenda Urbana, dada la importancia y el impacto econ\u00f3mico que tendr\u00e1 en el sector tur\u00edstico. &#8220;Dispondremos de un mejor servicio en una \u00e9poca importante para nuestro turismo con un servicio que garantizar\u00e1 la afluencia&#8221;, ha afirmado la primera autoridad municipal. Prieto ha a\u00f1adido que con esta medida &#8220;pasaremos de dos trenes semanales a 14, lo que supone 3.900 plazas cada semana que nos ayudar\u00e1n a iniciar la temporada tur\u00edstica alta con gran afluencia de visitantes&#8221;.<\/p>\n\n\n\n<p>Seg\u00fan ha informado RENFE, una vez finalizadas las obras de Adif en la v\u00eda 19 del sector norte en Madrid-Chamart\u00edn, se ha podido recuperar este servicio directo de Intercity, cuyos billetes ya se han puesto a la venta.<\/p>\n\n\n\n<p>Con estas plazas ofrecidas entre Madrid y Gand\u00eda se evita que circulen por carretera 3.900 coches que emitir\u00edan a la atm\u00f3sfera 149.000 kg de CO\u2082 a la semana y 1.682.404 kg de CO\u2082 durante todo el per\u00edodo estival, adem\u00e1s de impedir la emisi\u00f3n de otros gases contaminantes.<\/p>\n","protected":false},"excerpt":{"rendered":"<p>Gand\u00eda contar\u00e1 desde el 22 de junio hasta el 1 de septiembre con una l\u00ednea diaria de Intercity que conectar\u00e1 la capital de la Safor con Madrid. As\u00ed, circular\u00e1 un Intercity diario por sentido entre Madrid y Gand\u00eda. El alcalde de Gand\u00eda, Jos\u00e9 Manuel Prieto, ha indicado que es una &#8220;buena noticia&#8221; el anuncio que&#8230;<\/p>\n","protected":false},"author":1,"featured_media":4136,"comment_status":"open","ping_status":"open","sticky":false,"template":"","format":"standard","meta":{"footnotes":""},"categories":[1,27],"tags":[],"class_list":["post-4135","post","type-post","status-publish","format-standard","has-post-thumbnail","hentry","category-actualidad","category-sociedad"],"_links":{"self":[{"href":"https:\/\/infogandia.es\/index.php\/wp-json\/wp\/v2\/posts\/4135","targetHints":{"allow":["GET"]}}],"collection":[{"href":"https:\/\/infogandia.es\/index.php\/wp-json\/wp\/v2\/posts"}],"about":[{"href":"https:\/\/infogandia.es\/index.php\/wp-json\/wp\/v2\/types\/post"}],"author":[{"embeddable":true,"href":"https:\/\/infogandia.es\/index.php\/wp-json\/wp\/v2\/users\/1"}],"replies":[{"embeddable":true,"href":"https:\/\/infogandia.es\/index.php\/wp-json\/wp\/v2\/comments?post=4135"}],"version-history":[{"count":1,"href":"https:\/\/infogandia.es\/index.php\/wp-json\/wp\/v2\/posts\/4135\/revisions"}],"predecessor-version":[{"id":4137,"href":"https:\/\/infogandia.es\/index.php\/wp-json\/wp\/v2\/posts\/4135\/revisions\/4137"}],"wp:featuredmedia":[{"embeddable":true,"href":"https:\/\/infogandia.es\/index.php\/wp-json\/wp\/v2\/media\/4136"}],"wp:attachment":[{"href":"https:\/\/infogandia.es\/index.php\/wp-json\/wp\/v2\/media?parent=4135"}],"wp:term":[{"taxonomy":"category","embeddable":true,"href":"https:\/\/infogandia.es\/index.php\/wp-json\/wp\/v2\/categories?post=4135"},{"taxonomy":"post_tag","embeddable":true,"href":"https:\/\/infogandia.es\/index.php\/wp-json\/wp\/v2\/tags?post=4135"}],"curies":[{"name":"wp","href":"https:\/\/api.w.org\/{rel}","templated":true}]}}