{"id":4138,"date":"2024-06-12T15:56:21","date_gmt":"2024-06-12T15:56:21","guid":{"rendered":"https:\/\/infogandia.es\/?p=4138"},"modified":"2024-06-12T15:56:21","modified_gmt":"2024-06-12T15:56:21","slug":"gandia-celebra-las-fiestas-del-barrio-de-corea-este-fin-de-semana","status":"publish","type":"post","link":"https:\/\/infogandia.es\/index.php\/2024\/06\/12\/gandia-celebra-las-fiestas-del-barrio-de-corea-este-fin-de-semana\/","title":{"rendered":"Gand\u00eda celebra las fiestas del barrio de Corea este fin de semana"},"content":{"rendered":"\n<p>La presidenta de la Junta de Distrito de Corea, Immaculada Rodr\u00edguez, junto a Alfonso Rufat, presidente de la asociaci\u00f3n vecinal, y Domingo Valls, en representaci\u00f3n del Grupo de Danzas La Delic\u00e0 de Gand\u00eda, han presentado esta ma\u00f1ana la programaci\u00f3n festiva que tendr\u00e1 lugar este s\u00e1bado 15 de junio en el barrio.<\/p>\n\n\n\n<p>Las actividades comenzar\u00e1n con juegos tradicionales en la plaza del Jardinet, organizados por Activa Jove, y continuar\u00e1n por la tarde a partir de las 20 horas con la actuaci\u00f3n del Grupo de Danzas La Delic\u00e0 de Gand\u00eda en la misma plaza. La cena vecinal de &#8220;pa i porta&#8221; se iniciar\u00e1 a las 22 horas en la calle Tossal, seguida de m\u00fasica en directo.<\/p>\n\n\n\n<p>Rodr\u00edguez ha expresado su agradecimiento a las entidades que participan en esta edici\u00f3n y ha subrayado que la iniciativa &#8220;Danses al jardinet&#8221; ha sido preparada &#8220;con mucho cari\u00f1o. Esperamos que este a\u00f1o sea el primero de muchos y que la iniciativa se convierta en un referente en su \u00e1mbito&#8221;. Adem\u00e1s, la edil ha aprovechado la ocasi\u00f3n para invitar a toda la ciudadan\u00eda a acercarse a Corea, un barrio que, seg\u00fan ella, &#8220;tiene un gran tejido asociativo y comercial que participa activamente en la vida de la ciudad&#8221;.<\/p>\n\n\n\n<p>Por su parte, Valls ha explicado que la actuaci\u00f3n incluir\u00e1 una &#8220;Dans\u00e0&#8221; y otros bailes populares valencianos, acompa\u00f1ados de dulzaina y tabal. Rufat, por otro lado, ha destacado que &#8220;la Asociaci\u00f3n de Vecinos de Corea y la Junta de Distrito hemos preparado con mucho cari\u00f1o las fiestas vecinales para todos los p\u00fablicos. Esperamos que el barrio se implique y que la participaci\u00f3n sea un \u00e9xito&#8221;.<\/p>\n\n\n\n<p>La cena ser\u00e1 gratuita para los socios y tendr\u00e1 un costo de 6 euros para los no socios. Estos tiquetes estar\u00e1n a la venta en el Centro Social del barrio hasta este viernes en horario de 9 a 14 horas.<\/p>\n","protected":false},"excerpt":{"rendered":"<p>La presidenta de la Junta de Distrito de Corea, Immaculada Rodr\u00edguez, junto a Alfonso Rufat, presidente de la asociaci\u00f3n vecinal, y Domingo Valls, en representaci\u00f3n del Grupo de Danzas La Delic\u00e0 de Gand\u00eda, han presentado esta ma\u00f1ana la programaci\u00f3n festiva que tendr\u00e1 lugar este s\u00e1bado 15 de junio en el barrio. Las actividades comenzar\u00e1n con&#8230;<\/p>\n","protected":false},"author":1,"featured_media":4139,"comment_status":"open","ping_status":"open","sticky":false,"template":"","format":"standard","meta":{"footnotes":""},"categories":[1,27],"tags":[],"class_list":["post-4138","post","type-post","status-publish","format-standard","has-post-thumbnail","hentry","category-actualidad","category-sociedad"],"_links":{"self":[{"href":"https:\/\/infogandia.es\/index.php\/wp-json\/wp\/v2\/posts\/4138","targetHints":{"allow":["GET"]}}],"collection":[{"href":"https:\/\/infogandia.es\/index.php\/wp-json\/wp\/v2\/posts"}],"about":[{"href":"https:\/\/infogandia.es\/index.php\/wp-json\/wp\/v2\/types\/post"}],"author":[{"embeddable":true,"href":"https:\/\/infogandia.es\/index.php\/wp-json\/wp\/v2\/users\/1"}],"replies":[{"embeddable":true,"href":"https:\/\/infogandia.es\/index.php\/wp-json\/wp\/v2\/comments?post=4138"}],"version-history":[{"count":1,"href":"https:\/\/infogandia.es\/index.php\/wp-json\/wp\/v2\/posts\/4138\/revisions"}],"predecessor-version":[{"id":4140,"href":"https:\/\/infogandia.es\/index.php\/wp-json\/wp\/v2\/posts\/4138\/revisions\/4140"}],"wp:featuredmedia":[{"embeddable":true,"href":"https:\/\/infogandia.es\/index.php\/wp-json\/wp\/v2\/media\/4139"}],"wp:attachment":[{"href":"https:\/\/infogandia.es\/index.php\/wp-json\/wp\/v2\/media?parent=4138"}],"wp:term":[{"taxonomy":"category","embeddable":true,"href":"https:\/\/infogandia.es\/index.php\/wp-json\/wp\/v2\/categories?post=4138"},{"taxonomy":"post_tag","embeddable":true,"href":"https:\/\/infogandia.es\/index.php\/wp-json\/wp\/v2\/tags?post=4138"}],"curies":[{"name":"wp","href":"https:\/\/api.w.org\/{rel}","templated":true}]}}