{"id":4141,"date":"2024-06-12T15:57:59","date_gmt":"2024-06-12T15:57:59","guid":{"rendered":"https:\/\/infogandia.es\/?p=4141"},"modified":"2024-06-12T15:57:59","modified_gmt":"2024-06-12T15:57:59","slug":"manuel-vicent-inaugurara-la-41a-universitat-destiu-de-gandia","status":"publish","type":"post","link":"https:\/\/infogandia.es\/index.php\/2024\/06\/12\/manuel-vicent-inaugurara-la-41a-universitat-destiu-de-gandia\/","title":{"rendered":"Manuel Vicent inaugurar\u00e1 la 41\u00aa Universitat d\u2019Estiu de Gandia"},"content":{"rendered":"\n<p>La 41\u00aa edici\u00f3n de la Universitat d\u2019Estiu de Gandia (UEG) ha sido presentada por la rectora de la Universitat de Val\u00e8ncia, Mavi Mestre, y el alcalde de Gand\u00eda, Jos\u00e9 Manuel Prieto. La inscripci\u00f3n para los seminarios formativos ya est\u00e1 abierta y el evento incluir\u00e1 conferencias, mesas redondas y conciertos abiertos al p\u00fablico.<\/p>\n\n\n\n<p>El 9 de julio habr\u00e1 una mesa redonda sobre el corredor mediterr\u00e1neo, con la participaci\u00f3n del alcalde de Gand\u00eda y los comisarios del gobierno espa\u00f1ol para los corredores mediterr\u00e1neo y atl\u00e1ntico, Josep Vicent Boira y Jose Maria Sebasti\u00e1n. Manuel Vicent dar\u00e1 la lecci\u00f3n inaugural el 15 de julio a las 19:30h en el Jard\u00edn de la Casa de la Marquesa.<\/p>\n\n\n\n<p>La UEG ofrecer\u00e1 18 seminarios, incluyendo 6 de especializaci\u00f3n, 4 de actualizaci\u00f3n y 8 divulgativos. Adem\u00e1s, se reforzar\u00e1 la colaboraci\u00f3n con diversas instituciones y entidades. La programaci\u00f3n cultural incluir\u00e1 exposiciones, un ciclo de charlas y conciertos nocturnos.<\/p>\n\n\n\n<p>Las actividades abiertas comenzar\u00e1n el 9 de julio con un acto sobre el corredor mediterr\u00e1neo. El ciclo &#8220;Conversaciones con&#8221; se celebrar\u00e1 del 15 al 19 de julio y contar\u00e1 con invitados como Mar\u00eda S\u00e1nchez y Bob Pop. Los conciertos incluir\u00e1n actuaciones de Limbotheque, Va de Dones, Yo Diablo y Pep de la Tona. Adem\u00e1s, se presentar\u00e1n las exposiciones &#8220;Arte, Dolor y compromiso. Mujeres en la colecci\u00f3n Mart\u00ednez Guerricabeitia&#8221; y &#8220;Indignadas. No hay planeta B&#8221;.<\/p>\n","protected":false},"excerpt":{"rendered":"<p>La 41\u00aa edici\u00f3n de la Universitat d\u2019Estiu de Gandia (UEG) ha sido presentada por la rectora de la Universitat de Val\u00e8ncia, Mavi Mestre, y el alcalde de Gand\u00eda, Jos\u00e9 Manuel Prieto. La inscripci\u00f3n para los seminarios formativos ya est\u00e1 abierta y el evento incluir\u00e1 conferencias, mesas redondas y conciertos abiertos al p\u00fablico. El 9 de&#8230;<\/p>\n","protected":false},"author":1,"featured_media":4142,"comment_status":"open","ping_status":"open","sticky":false,"template":"","format":"standard","meta":{"footnotes":""},"categories":[1,27],"tags":[],"class_list":["post-4141","post","type-post","status-publish","format-standard","has-post-thumbnail","hentry","category-actualidad","category-sociedad"],"_links":{"self":[{"href":"https:\/\/infogandia.es\/index.php\/wp-json\/wp\/v2\/posts\/4141","targetHints":{"allow":["GET"]}}],"collection":[{"href":"https:\/\/infogandia.es\/index.php\/wp-json\/wp\/v2\/posts"}],"about":[{"href":"https:\/\/infogandia.es\/index.php\/wp-json\/wp\/v2\/types\/post"}],"author":[{"embeddable":true,"href":"https:\/\/infogandia.es\/index.php\/wp-json\/wp\/v2\/users\/1"}],"replies":[{"embeddable":true,"href":"https:\/\/infogandia.es\/index.php\/wp-json\/wp\/v2\/comments?post=4141"}],"version-history":[{"count":1,"href":"https:\/\/infogandia.es\/index.php\/wp-json\/wp\/v2\/posts\/4141\/revisions"}],"predecessor-version":[{"id":4143,"href":"https:\/\/infogandia.es\/index.php\/wp-json\/wp\/v2\/posts\/4141\/revisions\/4143"}],"wp:featuredmedia":[{"embeddable":true,"href":"https:\/\/infogandia.es\/index.php\/wp-json\/wp\/v2\/media\/4142"}],"wp:attachment":[{"href":"https:\/\/infogandia.es\/index.php\/wp-json\/wp\/v2\/media?parent=4141"}],"wp:term":[{"taxonomy":"category","embeddable":true,"href":"https:\/\/infogandia.es\/index.php\/wp-json\/wp\/v2\/categories?post=4141"},{"taxonomy":"post_tag","embeddable":true,"href":"https:\/\/infogandia.es\/index.php\/wp-json\/wp\/v2\/tags?post=4141"}],"curies":[{"name":"wp","href":"https:\/\/api.w.org\/{rel}","templated":true}]}}