{"id":4144,"date":"2024-06-12T15:59:37","date_gmt":"2024-06-12T15:59:37","guid":{"rendered":"https:\/\/infogandia.es\/?p=4144"},"modified":"2024-06-12T15:59:38","modified_gmt":"2024-06-12T15:59:38","slug":"el-ayuntamiento-de-gandia-y-auna-inclusion-unen-fuerzas-para-dinamizar-el-comercio-del-centro-historico","status":"publish","type":"post","link":"https:\/\/infogandia.es\/index.php\/2024\/06\/12\/el-ayuntamiento-de-gandia-y-auna-inclusion-unen-fuerzas-para-dinamizar-el-comercio-del-centro-historico\/","title":{"rendered":"El Ayuntamiento de Gand\u00eda y Auna Inclusi\u00f3n unen fuerzas para dinamizar el comercio del Centro Hist\u00f3rico"},"content":{"rendered":"\n<p>La concejala de Comercio, Elena Moncho, junto con Nassio Estruch y Tona Gonz\u00e1lez, han presentado en una rueda de prensa una nueva iniciativa para revitalizar el comercio del Centro Hist\u00f3rico, que ha contado con la colaboraci\u00f3n de Auna Inclusi\u00f3n (anteriormente ASMISAF). Este colectivo ha dise\u00f1ado redes decorativas que se han instalado en la calle Mayor, proporcionando sombra durante el verano y a\u00f1adiendo color a la zona comercial.<\/p>\n\n\n\n<p>&#8220;Hemos mantenido reuniones con colectivos y entidades. Recibimos varios dise\u00f1os y, tras estudiarlos, nos decidimos por el proyecto presentado por Auna Inclusi\u00f3n porque cumpl\u00eda con todos los requisitos. Es un dise\u00f1o muy veraniego, colorido y llamativo&#8221;, explic\u00f3 Moncho, quien tambi\u00e9n agradeci\u00f3 a Auna Inclusi\u00f3n y a sus alumnos &#8220;el esfuerzo realizado para ofrecernos este dise\u00f1o tan espectacular. Esperamos que sea un \u00e9xito y que tenga una gran acogida entre la ciudadan\u00eda y los visitantes&#8221;.<\/p>\n\n\n\n<p>Nassio Estruch, presidente de la entidad, explic\u00f3 que ASMISAF ha cambiado su nombre a Auna Inclusi\u00f3n y agradeci\u00f3 al Ayuntamiento la oportunidad de participar en una iniciativa que &#8220;estoy seguro se convertir\u00e1 en un atractivo y aparecer\u00e1 en muchas fotograf\u00edas. Todo el colectivo se ha volcado para obtener un gran resultado&#8221;.<\/p>\n\n\n\n<p>Finalmente, Gonz\u00e1lez, en calidad de directora del Centro Ocupacional, explic\u00f3 que esta acci\u00f3n &#8220;sirve como escaparate para mostrar las capacidades de las personas que forman parte de Auna. Como entidad, hemos trabajado en equipo y puesto mucha ilusi\u00f3n en todas las partes del proyecto&#8221;.<\/p>\n\n\n\n<p><\/p>\n\n\n\n<p><\/p>\n\n\n\n<figure class=\"wp-block-image size-large\"><img fetchpriority=\"high\" decoding=\"async\" width=\"1024\" height=\"714\" src=\"https:\/\/infogandia.es\/wp-content\/uploads\/2024\/06\/AO_1389-copia-1024x714.jpg\" alt=\"\" class=\"wp-image-4145\" srcset=\"https:\/\/infogandia.es\/wp-content\/uploads\/2024\/06\/AO_1389-copia-1024x714.jpg 1024w, https:\/\/infogandia.es\/wp-content\/uploads\/2024\/06\/AO_1389-copia-300x209.jpg 300w, https:\/\/infogandia.es\/wp-content\/uploads\/2024\/06\/AO_1389-copia-768x535.jpg 768w, https:\/\/infogandia.es\/wp-content\/uploads\/2024\/06\/AO_1389-copia-1536x1071.jpg 1536w, https:\/\/infogandia.es\/wp-content\/uploads\/2024\/06\/AO_1389-copia.jpg 1772w\" sizes=\"(max-width: 1024px) 100vw, 1024px\" \/><\/figure>\n","protected":false},"excerpt":{"rendered":"<p>La concejala de Comercio, Elena Moncho, junto con Nassio Estruch y Tona Gonz\u00e1lez, han presentado en una rueda de prensa una nueva iniciativa para revitalizar el comercio del Centro Hist\u00f3rico, que ha contado con la colaboraci\u00f3n de Auna Inclusi\u00f3n (anteriormente ASMISAF). Este colectivo ha dise\u00f1ado redes decorativas que se han instalado en la calle Mayor,&#8230;<\/p>\n","protected":false},"author":1,"featured_media":4146,"comment_status":"open","ping_status":"open","sticky":false,"template":"","format":"standard","meta":{"footnotes":""},"categories":[1],"tags":[],"class_list":["post-4144","post","type-post","status-publish","format-standard","has-post-thumbnail","hentry","category-actualidad"],"_links":{"self":[{"href":"https:\/\/infogandia.es\/index.php\/wp-json\/wp\/v2\/posts\/4144","targetHints":{"allow":["GET"]}}],"collection":[{"href":"https:\/\/infogandia.es\/index.php\/wp-json\/wp\/v2\/posts"}],"about":[{"href":"https:\/\/infogandia.es\/index.php\/wp-json\/wp\/v2\/types\/post"}],"author":[{"embeddable":true,"href":"https:\/\/infogandia.es\/index.php\/wp-json\/wp\/v2\/users\/1"}],"replies":[{"embeddable":true,"href":"https:\/\/infogandia.es\/index.php\/wp-json\/wp\/v2\/comments?post=4144"}],"version-history":[{"count":1,"href":"https:\/\/infogandia.es\/index.php\/wp-json\/wp\/v2\/posts\/4144\/revisions"}],"predecessor-version":[{"id":4147,"href":"https:\/\/infogandia.es\/index.php\/wp-json\/wp\/v2\/posts\/4144\/revisions\/4147"}],"wp:featuredmedia":[{"embeddable":true,"href":"https:\/\/infogandia.es\/index.php\/wp-json\/wp\/v2\/media\/4146"}],"wp:attachment":[{"href":"https:\/\/infogandia.es\/index.php\/wp-json\/wp\/v2\/media?parent=4144"}],"wp:term":[{"taxonomy":"category","embeddable":true,"href":"https:\/\/infogandia.es\/index.php\/wp-json\/wp\/v2\/categories?post=4144"},{"taxonomy":"post_tag","embeddable":true,"href":"https:\/\/infogandia.es\/index.php\/wp-json\/wp\/v2\/tags?post=4144"}],"curies":[{"name":"wp","href":"https:\/\/api.w.org\/{rel}","templated":true}]}}