{"id":4148,"date":"2024-06-12T16:01:34","date_gmt":"2024-06-12T16:01:34","guid":{"rendered":"https:\/\/infogandia.es\/?p=4148"},"modified":"2024-06-12T16:08:36","modified_gmt":"2024-06-12T16:08:36","slug":"tavernes-acoge-el-estreno-del-espectaculo-musical-sinfonia-de-la-mente","status":"publish","type":"post","link":"https:\/\/infogandia.es\/index.php\/2024\/06\/12\/tavernes-acoge-el-estreno-del-espectaculo-musical-sinfonia-de-la-mente\/","title":{"rendered":"Tavernes acoge el estreno del espect\u00e1culo musical \u2018Sinfon\u00eda de la mente\u2019"},"content":{"rendered":"\n<p>La Casa de la Cultura de Tavernes de la Valldigna acoge ma\u00f1ana jueves (20 horas) el estreno del espect\u00e1culo musical \u2018Sinfon\u00eda de la mente\u2019. Una obra de Adri\u00e1n Romero (director y guionista) creada expresamente para intentar entender diferentes enfermedades mentales como la ansiedad, la bipolaridad o la depresi\u00f3n. Todo desde el punto de vista de la protagonista, Alma, una adolescente de 16 a\u00f1os apasionada de la m\u00fasica rock sinf\u00f3nica y de la moda emo-g\u00f3tica, quien emprende un viaje a trav\u00e9s de su mente para poder entender qu\u00e9 le pasa y c\u00f3mo puede salir de la oscuridad que la envuelve. Un espect\u00e1culo de teatro musical lleno de mensajes de aceptaci\u00f3n, valent\u00eda y, lo m\u00e1s importante, de ayuda.<\/p>\n\n\n\n<p>La rueda de prensa y el estreno de la obra para los medios de comunicaci\u00f3n se han celebrado esta ma\u00f1ana en la Casa de la Cultura con la presencia del equipo completo de \u2018Sinfon\u00eda de la mente\u2019 de Adri\u00e1n Romero Producciones y Con Ustedes Producciones, acompa\u00f1ados de la concejala de Cultura, Encar Mifsud, quien ha destacado la importancia de \u201cvisibilizar los problemas de salud mental\u201d. \u201cEs todo un orgullo para Tavernes que esta obra se estrene aqu\u00ed porque dar voz a los problemas de salud mental es un trabajo de todos y no implica solo a los centros de salud, sino a las instituciones o a las escuelas. Debemos evitar que por desconocimiento estas enfermedades se conviertan en cr\u00f3nicas\u201d, ha a\u00f1adido la concejala.<\/p>\n\n\n\n<p>Precisamente, antes del estreno para el p\u00fablico se har\u00e1 una presentaci\u00f3n para los centros educativos de la localidad \u201cpara acercar al p\u00fablico adolescente estos problemas, ya que la tem\u00e1tica no tiene edad y todos debemos escuchar el mensaje que nos transmite Alma y todos los personajes\u201d, ha a\u00f1adido Encar Mifsud.<\/p>\n\n\n\n<p>Por su parte, el director y guionista de \u2018Sinfon\u00eda de la mente\u2019, Adri\u00e1n Romero, ha explicado que esta obra \u201cnace de la necesidad de contar algunas de las experiencias que viven los j\u00f3venes y tratar de hablar de forma abierta de la ansiedad, la bipolaridad emocional o la presi\u00f3n social\u201d. Una obra que ha implicado al Colegio de Psic\u00f3logos de Valencia, que ha realizado un estudio del guion y ha decidido apoyarlo. Un espect\u00e1culo donde Adri\u00e1n Romero ha querido incluir a todas las tribus urbanas y a diferentes g\u00e9neros musicales, donde podemos encontrar rock sinf\u00f3nico, dance o reguet\u00f3n, porque \u201cno importa lo que piense la gente si t\u00fa est\u00e1s bien\u201d.<\/p>\n\n\n\n<p>Por su parte, Carmen Peinado, actriz que interpreta a Alma, ha explicado que esta obra habla de \u201csuperaci\u00f3n y del esfuerzo de cada uno, donde el p\u00fablico puede sentirse identificado\u201d. \u201cAlma es una adolescente de 16 a\u00f1os que tiene sensaciones e ilusiones que no entiende. Est\u00e1 infeliz, desanimada, no comprende que tiene ansiedad y viaja a su interior. \u2018Sinfon\u00eda de la mente\u2019 lanza un mensaje importante: hay que pedir ayuda\u201d.<\/p>\n\n\n\n<p><\/p>\n\n\n\n<figure class=\"wp-block-image size-large\"><img fetchpriority=\"high\" decoding=\"async\" width=\"1024\" height=\"478\" src=\"https:\/\/infogandia.es\/wp-content\/uploads\/2024\/06\/240612-simfonia-de-la-ment-2-1024x478.jpg\" alt=\"\" class=\"wp-image-4149\" srcset=\"https:\/\/infogandia.es\/wp-content\/uploads\/2024\/06\/240612-simfonia-de-la-ment-2-1024x478.jpg 1024w, https:\/\/infogandia.es\/wp-content\/uploads\/2024\/06\/240612-simfonia-de-la-ment-2-300x140.jpg 300w, https:\/\/infogandia.es\/wp-content\/uploads\/2024\/06\/240612-simfonia-de-la-ment-2-768x359.jpg 768w, https:\/\/infogandia.es\/wp-content\/uploads\/2024\/06\/240612-simfonia-de-la-ment-2-1536x717.jpg 1536w, https:\/\/infogandia.es\/wp-content\/uploads\/2024\/06\/240612-simfonia-de-la-ment-2-2048x956.jpg 2048w\" sizes=\"(max-width: 1024px) 100vw, 1024px\" \/><\/figure>\n","protected":false},"excerpt":{"rendered":"<p>La Casa de la Cultura de Tavernes de la Valldigna acoge ma\u00f1ana jueves (20 horas) el estreno del espect\u00e1culo musical \u2018Sinfon\u00eda de la mente\u2019. Una obra de Adri\u00e1n Romero (director y guionista) creada expresamente para intentar entender diferentes enfermedades mentales como la ansiedad, la bipolaridad o la depresi\u00f3n. Todo desde el punto de vista de&#8230;<\/p>\n","protected":false},"author":1,"featured_media":4150,"comment_status":"open","ping_status":"open","sticky":false,"template":"","format":"standard","meta":{"footnotes":""},"categories":[1,27],"tags":[],"class_list":["post-4148","post","type-post","status-publish","format-standard","has-post-thumbnail","hentry","category-actualidad","category-sociedad"],"_links":{"self":[{"href":"https:\/\/infogandia.es\/index.php\/wp-json\/wp\/v2\/posts\/4148","targetHints":{"allow":["GET"]}}],"collection":[{"href":"https:\/\/infogandia.es\/index.php\/wp-json\/wp\/v2\/posts"}],"about":[{"href":"https:\/\/infogandia.es\/index.php\/wp-json\/wp\/v2\/types\/post"}],"author":[{"embeddable":true,"href":"https:\/\/infogandia.es\/index.php\/wp-json\/wp\/v2\/users\/1"}],"replies":[{"embeddable":true,"href":"https:\/\/infogandia.es\/index.php\/wp-json\/wp\/v2\/comments?post=4148"}],"version-history":[{"count":1,"href":"https:\/\/infogandia.es\/index.php\/wp-json\/wp\/v2\/posts\/4148\/revisions"}],"predecessor-version":[{"id":4151,"href":"https:\/\/infogandia.es\/index.php\/wp-json\/wp\/v2\/posts\/4148\/revisions\/4151"}],"wp:featuredmedia":[{"embeddable":true,"href":"https:\/\/infogandia.es\/index.php\/wp-json\/wp\/v2\/media\/4150"}],"wp:attachment":[{"href":"https:\/\/infogandia.es\/index.php\/wp-json\/wp\/v2\/media?parent=4148"}],"wp:term":[{"taxonomy":"category","embeddable":true,"href":"https:\/\/infogandia.es\/index.php\/wp-json\/wp\/v2\/categories?post=4148"},{"taxonomy":"post_tag","embeddable":true,"href":"https:\/\/infogandia.es\/index.php\/wp-json\/wp\/v2\/tags?post=4148"}],"curies":[{"name":"wp","href":"https:\/\/api.w.org\/{rel}","templated":true}]}}