{"id":4152,"date":"2024-06-12T16:10:49","date_gmt":"2024-06-12T16:10:49","guid":{"rendered":"https:\/\/infogandia.es\/?p=4152"},"modified":"2024-06-12T16:11:30","modified_gmt":"2024-06-12T16:11:30","slug":"el-ayuntamiento-de-tavernes-ya-ha-presentado-alegaciones-al-deslinde-de-la-playa-de-la-goleta-y-reitera-a-demarcacion-de-costas-la-paralizacion-del-expediente-administrativo","status":"publish","type":"post","link":"https:\/\/infogandia.es\/index.php\/2024\/06\/12\/el-ayuntamiento-de-tavernes-ya-ha-presentado-alegaciones-al-deslinde-de-la-playa-de-la-goleta-y-reitera-a-demarcacion-de-costas-la-paralizacion-del-expediente-administrativo\/","title":{"rendered":"El Ayuntamiento de Tavernes ya ha presentado alegaciones al deslinde de la playa de la Goleta y reitera a Demarcaci\u00f3n de Costas la paralizaci\u00f3n del expediente administrativo"},"content":{"rendered":"\n<p><strong>El Ayuntamiento de Tavernes ya ha presentado alegaciones al deslinde de la playa de la Goleta y reitera a Demarcaci\u00f3n de Costas la paralizaci\u00f3n del expediente administrativo<\/strong><\/p>\n\n\n\n<p>La alcaldesa Lara Romero ha calificado de <strong><em>&#8220;incoherente que se inicie un procedimiento de deslinde cuando est\u00e1 en marcha un proyecto de regeneraci\u00f3n&#8221;<\/em><\/strong> y ha reiterado que <strong><em>&#8220;este Gobierno siempre estar\u00e1 al lado de los vecinos y vecinas porque son una prioridad, y el Ayuntamiento tambi\u00e9n es parte de los afectados&#8221;.<\/em><\/strong><\/p>\n\n\n\n<p>El Ayuntamiento de Tavernes ha presentado alegaciones al deslinde de la playa y ha solicitado a Demarcaci\u00f3n de Costas la paralizaci\u00f3n del expediente administrativo. La alcaldesa Lara Romero ha reiterado esta solicitud hoy ante los vecinos y vecinas afectadas y los representantes de este organismo durante la reuni\u00f3n del acta de apeo, en la cual Costas explic\u00f3 la modificaci\u00f3n de la l\u00ednea de delimitaci\u00f3n mar\u00edtimo-terrestre que afecta tanto a los propietarios convocados como al Ayuntamiento.<\/p>\n\n\n\n<p>El Ayuntamiento de Tavernes de la Valldigna ya present\u00f3 las alegaciones pertinentes el pasado mes de febrero y ha requerido en tres ocasiones, dos por escrito y hoy durante la reuni\u00f3n celebrada en la localidad, que Demarcaci\u00f3n de Costas detenga la tramitaci\u00f3n del expediente de deslinde. En la reuni\u00f3n, por parte del Gobierno local, estuvieron presentes la alcaldesa Lara Romero y los tenientes de alcalde Jos\u00e9 Enrique Cu\u00f1at y Juan Bautista Talens.<\/p>\n\n\n\n<p>La alcaldesa ha defendido, una vez m\u00e1s, a los afectados y ha reiterado que <strong><em>&#8220;este Gobierno siempre estar\u00e1 al lado de los vecinos y vecinas porque son una prioridad&#8221;. <\/em><\/strong><\/p>\n\n\n\n<p><strong><em>&#8220;El Ayuntamiento de Tavernes ya ha efectuado los tr\u00e1mites necesarios para paralizar este proceso porque es incoherente que se inicie un deslinde en una playa, la de la Goleta, donde ya existe un proyecto de regeneraci\u00f3n. Y eso lo defenderemos siempre&#8221;.<\/em><\/strong><\/p>\n\n\n\n<p><\/p>\n","protected":false},"excerpt":{"rendered":"<p>El Ayuntamiento de Tavernes ya ha presentado alegaciones al deslinde de la playa de la Goleta y reitera a Demarcaci\u00f3n de Costas la paralizaci\u00f3n del expediente administrativo La alcaldesa Lara Romero ha calificado de &#8220;incoherente que se inicie un procedimiento de deslinde cuando est\u00e1 en marcha un proyecto de regeneraci\u00f3n&#8221; y ha reiterado que &#8220;este&#8230;<\/p>\n","protected":false},"author":1,"featured_media":4153,"comment_status":"open","ping_status":"open","sticky":false,"template":"","format":"standard","meta":{"footnotes":""},"categories":[1,3],"tags":[],"class_list":["post-4152","post","type-post","status-publish","format-standard","has-post-thumbnail","hentry","category-actualidad","category-politica"],"_links":{"self":[{"href":"https:\/\/infogandia.es\/index.php\/wp-json\/wp\/v2\/posts\/4152","targetHints":{"allow":["GET"]}}],"collection":[{"href":"https:\/\/infogandia.es\/index.php\/wp-json\/wp\/v2\/posts"}],"about":[{"href":"https:\/\/infogandia.es\/index.php\/wp-json\/wp\/v2\/types\/post"}],"author":[{"embeddable":true,"href":"https:\/\/infogandia.es\/index.php\/wp-json\/wp\/v2\/users\/1"}],"replies":[{"embeddable":true,"href":"https:\/\/infogandia.es\/index.php\/wp-json\/wp\/v2\/comments?post=4152"}],"version-history":[{"count":2,"href":"https:\/\/infogandia.es\/index.php\/wp-json\/wp\/v2\/posts\/4152\/revisions"}],"predecessor-version":[{"id":4155,"href":"https:\/\/infogandia.es\/index.php\/wp-json\/wp\/v2\/posts\/4152\/revisions\/4155"}],"wp:featuredmedia":[{"embeddable":true,"href":"https:\/\/infogandia.es\/index.php\/wp-json\/wp\/v2\/media\/4153"}],"wp:attachment":[{"href":"https:\/\/infogandia.es\/index.php\/wp-json\/wp\/v2\/media?parent=4152"}],"wp:term":[{"taxonomy":"category","embeddable":true,"href":"https:\/\/infogandia.es\/index.php\/wp-json\/wp\/v2\/categories?post=4152"},{"taxonomy":"post_tag","embeddable":true,"href":"https:\/\/infogandia.es\/index.php\/wp-json\/wp\/v2\/tags?post=4152"}],"curies":[{"name":"wp","href":"https:\/\/api.w.org\/{rel}","templated":true}]}}