{"id":4156,"date":"2024-06-12T16:15:18","date_gmt":"2024-06-12T16:15:18","guid":{"rendered":"https:\/\/infogandia.es\/?p=4156"},"modified":"2024-06-12T16:16:23","modified_gmt":"2024-06-12T16:16:23","slug":"vuelve-la-gala-de-lesport-a-oliva-este-viernes","status":"publish","type":"post","link":"https:\/\/infogandia.es\/index.php\/2024\/06\/12\/vuelve-la-gala-de-lesport-a-oliva-este-viernes\/","title":{"rendered":"Vuelve la Gala de l&#8217;Esport a Oliva este viernes"},"content":{"rendered":"\n<p>El pr\u00f3ximo viernes, 14 de junio, Oliva recuperar\u00e1 la esperada Gala de l&#8217;Esport. As\u00ed lo han anunciado la alcaldesa, Yolanda Pastor, el regidor de Deportes, Joan Mascarell, y los deportistas nominados a los premios en una conferencia de prensa.<\/p>\n\n\n\n<p>Bajo el lema <strong><em>\u201cEl teu esfor\u00e7, el nostre premi\u201d<\/em><\/strong> , y despu\u00e9s de seis a\u00f1os de inactividad, Oliva vuelve a celebrar la Gala de l&#8217;Esport para reconocer los \u00e9xitos deportivos tanto individuales como colectivos. Este evento tambi\u00e9n destacar\u00e1 la labor incansable de todos los deportistas y las entidades deportivas de la ciudad.<\/p>\n\n\n\n<p>El regidor de Deportes, Joan Mascarell, explic\u00f3 que el d\u00eda de la Gala todos los nominados subir\u00e1n al escenario.<strong><em> \u201cQueremos que el reconocimiento sea colectivo para todos\u201d, afirm\u00f3. Adem\u00e1s, anunci\u00f3 una novedad importante: la Gala se llevar\u00e1 a cabo en el parque de la Estaci\u00f3n, &#8220;el lugar de los grandes acontecimientos de nuestra ciudad, y porque queremos abrir el acto a todos los vecinos y vecinas de Oliva\u201d.<\/em><\/strong><\/p>\n\n\n\n<p>Durante la Gala se otorgar\u00e1n tres premios principales: Fomento del Deporte, Trayectoria Deportiva y Mejor Deportista Local, adem\u00e1s de 21 premios individuales de cada asociaci\u00f3n deportiva local.<\/p>\n\n\n\n<p>Mascarell subray\u00f3 que <strong><em>&#8220;el deporte es mucho m\u00e1s que actividad f\u00edsica. Es camarader\u00eda, competitividad bien entendida, salud, respeto, trabajo y superaci\u00f3n personal. Por eso, el Ayuntamiento de Oliva apuesta firmemente por el deporte, potenciando la cantera de deportistas de base que nos permitir\u00e1n seguir celebrando \u00e9xitos en el futuro, apoyando el deporte escolar, las entidades y clubes deportivos, y colaborando activamente en eventos deportivos&#8221;.<\/em><\/strong><\/p>\n\n\n\n<p>La alcaldesa, Yolanda Pastor, destac\u00f3 el esfuerzo del Ayuntamiento en promover el deporte, organizando grandes eventos tanto en la ciudad como en la playa. <strong><em>&#8220;Queremos que la Gala de l&#8217;Esport de Oliva sea el gran acontecimiento deportivo local del a\u00f1o, con car\u00e1cter anual y en el parque de la Estaci\u00f3n\u201d<\/em><\/strong>, a\u00f1adi\u00f3.<\/p>\n\n\n\n<p>Los deportistas nominados para la Gala de l&#8217;Esport de Oliva 2024 son:<\/p>\n\n\n\n<ul class=\"wp-block-list\">\n<li><strong>Juan Luis Mart\u00edn Escriv\u00e0<\/strong> (Tiro Ol\u00edmpico) &#8211; Categor\u00eda: Trayectoria Deportiva<\/li>\n\n\n\n<li><strong>Jose Francisco Ramos<\/strong> (Pesca) &#8211; Categor\u00eda: Trayectoria Deportiva<\/li>\n\n\n\n<li><strong>Carlos Salelles Sorolla<\/strong> (Pilota Valenciana) &#8211; Categor\u00eda: Mejor Deportista Local<\/li>\n\n\n\n<li><strong>Vicent Esteve Pons<\/strong> (Atletismo) &#8211; Categor\u00eda: Fomento del Deporte<\/li>\n\n\n\n<li><strong>Carlos Parra Mestre<\/strong> (Pilota Valenciana) &#8211; Categor\u00eda: Trayectoria Deportiva<\/li>\n\n\n\n<li><strong>Salvador Pons Sivera<\/strong> (P\u00e1del) &#8211; Categor\u00eda: Trayectoria Deportiva<\/li>\n<\/ul>\n\n\n\n<p>Jose Francisco Ramos, nominado en la categor\u00eda de Trayectoria Deportiva, record\u00f3 con emoci\u00f3n que fue uno de los organizadores de la Primera Gala de l&#8217;Esport de Oliva, a mediados de los a\u00f1os 80. Esta reminiscencia destaca la importancia y la longevidad de este evento en la comunidad deportiva local.<\/p>\n\n\n\n<figure class=\"wp-block-image size-full\"><img fetchpriority=\"high\" decoding=\"async\" width=\"981\" height=\"736\" src=\"https:\/\/infogandia.es\/wp-content\/uploads\/2024\/06\/1718181408.jpg\" alt=\"\" class=\"wp-image-4158\" srcset=\"https:\/\/infogandia.es\/wp-content\/uploads\/2024\/06\/1718181408.jpg 981w, https:\/\/infogandia.es\/wp-content\/uploads\/2024\/06\/1718181408-300x225.jpg 300w, https:\/\/infogandia.es\/wp-content\/uploads\/2024\/06\/1718181408-768x576.jpg 768w\" sizes=\"(max-width: 981px) 100vw, 981px\" \/><\/figure>\n","protected":false},"excerpt":{"rendered":"<p>El pr\u00f3ximo viernes, 14 de junio, Oliva recuperar\u00e1 la esperada Gala de l&#8217;Esport. As\u00ed lo han anunciado la alcaldesa, Yolanda Pastor, el regidor de Deportes, Joan Mascarell, y los deportistas nominados a los premios en una conferencia de prensa. Bajo el lema \u201cEl teu esfor\u00e7, el nostre premi\u201d , y despu\u00e9s de seis a\u00f1os de&#8230;<\/p>\n","protected":false},"author":1,"featured_media":4157,"comment_status":"open","ping_status":"open","sticky":false,"template":"","format":"standard","meta":{"footnotes":""},"categories":[1,4],"tags":[],"class_list":["post-4156","post","type-post","status-publish","format-standard","has-post-thumbnail","hentry","category-actualidad","category-deporte"],"_links":{"self":[{"href":"https:\/\/infogandia.es\/index.php\/wp-json\/wp\/v2\/posts\/4156","targetHints":{"allow":["GET"]}}],"collection":[{"href":"https:\/\/infogandia.es\/index.php\/wp-json\/wp\/v2\/posts"}],"about":[{"href":"https:\/\/infogandia.es\/index.php\/wp-json\/wp\/v2\/types\/post"}],"author":[{"embeddable":true,"href":"https:\/\/infogandia.es\/index.php\/wp-json\/wp\/v2\/users\/1"}],"replies":[{"embeddable":true,"href":"https:\/\/infogandia.es\/index.php\/wp-json\/wp\/v2\/comments?post=4156"}],"version-history":[{"count":1,"href":"https:\/\/infogandia.es\/index.php\/wp-json\/wp\/v2\/posts\/4156\/revisions"}],"predecessor-version":[{"id":4159,"href":"https:\/\/infogandia.es\/index.php\/wp-json\/wp\/v2\/posts\/4156\/revisions\/4159"}],"wp:featuredmedia":[{"embeddable":true,"href":"https:\/\/infogandia.es\/index.php\/wp-json\/wp\/v2\/media\/4157"}],"wp:attachment":[{"href":"https:\/\/infogandia.es\/index.php\/wp-json\/wp\/v2\/media?parent=4156"}],"wp:term":[{"taxonomy":"category","embeddable":true,"href":"https:\/\/infogandia.es\/index.php\/wp-json\/wp\/v2\/categories?post=4156"},{"taxonomy":"post_tag","embeddable":true,"href":"https:\/\/infogandia.es\/index.php\/wp-json\/wp\/v2\/tags?post=4156"}],"curies":[{"name":"wp","href":"https:\/\/api.w.org\/{rel}","templated":true}]}}