{"id":4201,"date":"2024-06-27T11:14:35","date_gmt":"2024-06-27T11:14:35","guid":{"rendered":"https:\/\/infogandia.es\/?p=4201"},"modified":"2024-06-27T11:14:35","modified_gmt":"2024-06-27T11:14:35","slug":"la-casa-de-la-marquesa-acogera-la-xxxv-edicion-del-polisonic-entre-el-25-de-julio-y-el-17-de-agosto","status":"publish","type":"post","link":"https:\/\/infogandia.es\/index.php\/2024\/06\/27\/la-casa-de-la-marquesa-acogera-la-xxxv-edicion-del-polisonic-entre-el-25-de-julio-y-el-17-de-agosto\/","title":{"rendered":"La Casa de la Marquesa Acoger\u00e1 la XXXV Edici\u00f3n del Polis\u00f2nic entre el 25 de Julio y el 17 de Agosto"},"content":{"rendered":"\n<p>La concejala de Cultura y Turismo, Balbina Sendra, y el t\u00e9cnico municipal encargado del Festival, Eudald Gonz\u00e1lez, han presentado hoy la XXXV edici\u00f3n del Festival Polis\u00f2nic de Gandia, que se celebrar\u00e1 entre el 25 de julio y el 17 de agosto en el jard\u00edn de la Casa de la Cultura.<\/p>\n\n\n\n<p>&#8220;El Polis\u00f2nic no solo es un evento destacado para los ciudadanos de Gandia, sino que tambi\u00e9n enriquece de manera significativa la programaci\u00f3n cultural, musical y tur\u00edstica del municipio&#8221;, se\u00f1al\u00f3 la edil. Adem\u00e1s, explic\u00f3 que &#8220;cada vez m\u00e1s personas eligen el centro de la ciudad para pasar su tiempo libre, visitar espacios patrimoniales, naturales y, por supuesto, disfrutar de este festival. Los datos de nuestro departamento indican que cada vez m\u00e1s gente opta por actividades culturales y art\u00edsticas como excusa para elegirnos como destino vacacional&#8221;.<\/p>\n\n\n\n<p>En cuanto a las actuaciones, el programa comenzar\u00e1 a las 20:00 horas del 25 de julio con el concierto gratuito de &#8216;Scorcia Little Band Boom&#8217;, una banda valenciana que ofrecer\u00e1 al p\u00fablico una explosi\u00f3n de rock &amp; roll.<\/p>\n\n\n\n<p>&#8220;Siempre intentamos iniciar con una banda con ra\u00edces locales. En este caso, &#8216;Scorcia Little Band Boom&#8217; est\u00e1 formada casi exclusivamente por gente de Gandia. Este concierto gratuito es una invitaci\u00f3n para que la gente conozca el programa, y ese d\u00eda, el jard\u00edn suele estar muy lleno&#8221;, coment\u00f3 Gonz\u00e1lez.<\/p>\n\n\n\n<p>El ciclo continuar\u00e1 el 26 de julio con m\u00fasica country de Badlands; el 27 con los boogie-woogies de &#8216;Llu\u00eds Coloma &amp; his musical troupe&#8217;; el 2 de agosto con los ritmos caribe\u00f1os de &#8216;El Caribefunk&#8217;, y el 3 de agosto con la actuaci\u00f3n de &#8216;Marco Pacassoni Trio&#8217;, que recorrer\u00e1 el jazz cl\u00e1sico, el swing y la m\u00fasica latina.<\/p>\n\n\n\n<p>La semana siguiente comenzar\u00e1 el viernes 9 de agosto con el blues y rock de Osvi Grecco Retrospective Band y seguir\u00e1 el d\u00eda 10 con los tangos de Malavatge.<\/p>\n\n\n\n<p>Finalmente, el viernes 16 de agosto, los asistentes disfrutar\u00e1n de las ra\u00edces del flamenco con Alba Carmona y, el s\u00e1bado 17, conocer\u00e1n la tradici\u00f3n del folclore latinoamericano con &#8216;Autana Trio&#8217;, que pondr\u00e1 el broche final a esta edici\u00f3n del Polis\u00f2nic con una mezcla de sonidos brasile\u00f1os, venezolanos y colombianos.<\/p>\n\n\n\n<p>&#8220;En cada edici\u00f3n, damos m\u00e1s protagonismo a un estilo sobre otros. En esta ocasi\u00f3n, habr\u00e1 muchos ritmos latinos. Adem\u00e1s, contaremos con grupos internacionales e incluso con algunos artistas que nunca han actuado en Espa\u00f1a, como &#8216;El Caribefunk&#8217; y &#8216;Autana Trio'&#8221;, mencion\u00f3 el director de la iniciativa, destacando que la singularidad de este ciclo &#8220;reside en la mezcla de estilos y en su duraci\u00f3n a lo largo de todo el verano, en lugar de concentrarse en tres o cuatro d\u00edas, como es habitual en este tipo de eventos. Creo que el Polis\u00f2nic ya tiene su prestigio en el panorama musical espa\u00f1ol&#8221;, a\u00f1adi\u00f3.<\/p>\n\n\n\n<p>En cuanto al precio, las entradas para cada actuaci\u00f3n tienen un coste de 10 euros, con un precio reducido de 8 euros para quienes tengan el carnet joven o de pensionista.<\/p>\n\n\n\n<p>Adem\u00e1s, se puede adquirir un abono de 4 conciertos por 36 euros o un abono para las 8 actuaciones por 64 euros, que cuestan, respectivamente, 28 y 48 euros con la tarifa reducida.<\/p>\n\n\n\n<p>Las tres opciones se pueden comprar en la p\u00e1gina web de Instanticket.es o en la Casa de Cultura en horario de 11:00 a 13:30 horas y de 18:00 a 20:30 horas. Excepto el primer concierto, todas las actuaciones comenzar\u00e1n a las 21:30 horas.<\/p>\n","protected":false},"excerpt":{"rendered":"<p>La concejala de Cultura y Turismo, Balbina Sendra, y el t\u00e9cnico municipal encargado del Festival, Eudald Gonz\u00e1lez, han presentado hoy la XXXV edici\u00f3n del Festival Polis\u00f2nic de Gandia, que se celebrar\u00e1 entre el 25 de julio y el 17 de agosto en el jard\u00edn de la Casa de la Cultura. &#8220;El Polis\u00f2nic no solo es&#8230;<\/p>\n","protected":false},"author":1,"featured_media":4202,"comment_status":"open","ping_status":"open","sticky":false,"template":"","format":"standard","meta":{"footnotes":""},"categories":[1,27],"tags":[],"class_list":["post-4201","post","type-post","status-publish","format-standard","has-post-thumbnail","hentry","category-actualidad","category-sociedad"],"_links":{"self":[{"href":"https:\/\/infogandia.es\/index.php\/wp-json\/wp\/v2\/posts\/4201","targetHints":{"allow":["GET"]}}],"collection":[{"href":"https:\/\/infogandia.es\/index.php\/wp-json\/wp\/v2\/posts"}],"about":[{"href":"https:\/\/infogandia.es\/index.php\/wp-json\/wp\/v2\/types\/post"}],"author":[{"embeddable":true,"href":"https:\/\/infogandia.es\/index.php\/wp-json\/wp\/v2\/users\/1"}],"replies":[{"embeddable":true,"href":"https:\/\/infogandia.es\/index.php\/wp-json\/wp\/v2\/comments?post=4201"}],"version-history":[{"count":1,"href":"https:\/\/infogandia.es\/index.php\/wp-json\/wp\/v2\/posts\/4201\/revisions"}],"predecessor-version":[{"id":4203,"href":"https:\/\/infogandia.es\/index.php\/wp-json\/wp\/v2\/posts\/4201\/revisions\/4203"}],"wp:featuredmedia":[{"embeddable":true,"href":"https:\/\/infogandia.es\/index.php\/wp-json\/wp\/v2\/media\/4202"}],"wp:attachment":[{"href":"https:\/\/infogandia.es\/index.php\/wp-json\/wp\/v2\/media?parent=4201"}],"wp:term":[{"taxonomy":"category","embeddable":true,"href":"https:\/\/infogandia.es\/index.php\/wp-json\/wp\/v2\/categories?post=4201"},{"taxonomy":"post_tag","embeddable":true,"href":"https:\/\/infogandia.es\/index.php\/wp-json\/wp\/v2\/tags?post=4201"}],"curies":[{"name":"wp","href":"https:\/\/api.w.org\/{rel}","templated":true}]}}