{"id":4204,"date":"2024-06-27T11:27:51","date_gmt":"2024-06-27T11:27:51","guid":{"rendered":"https:\/\/infogandia.es\/?p=4204"},"modified":"2024-06-27T12:24:40","modified_gmt":"2024-06-27T12:24:40","slug":"el-ayuntamiento-de-tavernes-programa-mas-de-un-centenar-de-actividades-para-disfrutar-del-verano","status":"publish","type":"post","link":"https:\/\/infogandia.es\/index.php\/2024\/06\/27\/el-ayuntamiento-de-tavernes-programa-mas-de-un-centenar-de-actividades-para-disfrutar-del-verano\/","title":{"rendered":"El Ayuntamiento de Tavernes Programa M\u00e1s de un Centenar de Actividades para Disfrutar del Verano"},"content":{"rendered":"\n<p>El Ayuntamiento de Tavernes de la Valldigna ha organizado m\u00e1s de un centenar de actividades para disfrutar del verano. Los diferentes departamentos han planificado propuestas para todo tipo de p\u00fablico, repartidas a lo largo de las pr\u00f3ximas semanas, con el objetivo de ofrecer un amplio calendario con muchas actividades l\u00fadicas, culturales, deportivas e infantiles.<\/p>\n\n\n\n<p>Tras el pasado fin de semana, donde vecinos y visitantes disfrutaron de la Fiesta de la Diversidad y la Noche de San Juan, los pr\u00f3ximos eventos m\u00e1s destacados ser\u00e1n la Feria de San Jaime y las Fiestas del Cristo de la Sangre, ambos en julio, y ya en agosto ser\u00e1 el turno del tradicional Festival de Corales Canciones al Mar (6 de agosto) y el Festival Internacional Siete Lunas Siete Soles.<\/p>\n\n\n\n<p>Las Fiestas del Cristo de la Sangre se celebrar\u00e1n del 9 al 13 de julio con el Porrat del Clot el d\u00eda 10 y la actuaci\u00f3n musical que marcar\u00e1 el inicio del Festival Siete Lunas Siete Soles, aunque la programaci\u00f3n completa del festival est\u00e1 prevista del 10 al 14 de agosto. El d\u00eda de San Lorenzo se celebrar\u00e1 en el paraje que da nombre a esta zona monta\u00f1osa, y el resto de los d\u00edas, en el parque del lago de la Goleta.<\/p>\n\n\n\n<p>Los d\u00edas 26, 27 y 28 de julio, la playa de Tavernes ser\u00e1 el escenario de la Feria de San Jaime, que este a\u00f1o llega con novedades. El p\u00fablico podr\u00e1 disfrutar de diferentes puestos con la participaci\u00f3n de comercios locales y habr\u00e1 un espect\u00e1culo de bailes populares, adem\u00e1s de verbenas con orquesta el viernes y el s\u00e1bado.<\/p>\n\n\n\n<p>La oferta deportiva se reparte entre actividades en la playa y en la piscina y polideportivo municipal. Se han programado clases matutinas de zumba flow, gimnasia de mantenimiento, aer\u00f3bic y pilates, mientras que por la tarde habr\u00e1 baile en l\u00ednea para personas mayores. Adem\u00e1s, este verano se celebrar\u00e1n el tradicional Seven de Rugby y los campeonatos de p\u00e1del, 12 horas de futbito, 24 horas de f\u00fatbol-7, v\u00f3ley playa, tenis de mesa y la Vuelta a Pie a la playa organizada por el Club de Atletismo La Valldigna.<\/p>\n\n\n\n<p>Para disfrutar de la naturaleza y del entorno, se han programado excursiones a la ermita de la Alcudiola y a los manantiales, as\u00ed como una ruta nocturna a San Lorenzo y al Mirador coincidiendo con la luna llena de agosto.<\/p>\n\n\n\n<p>Para el p\u00fablico infantil, hay propuestas de teatro familiar con visitas pirata a la torre de vigilancia, talleres de reciclaje, espect\u00e1culos musicales y cine en la playa, entre otros. Tambi\u00e9n la Cueva del Bolomor ser\u00e1 protagonista este verano, con visitas guiadas al entorno del yacimiento, demostraciones y talleres que se realizar\u00e1n en la playa dentro de la programaci\u00f3n de Apropem Bolomor y Cuenta Bolomor, dirigidas a los m\u00e1s peque\u00f1os.<\/p>\n\n\n\n<p>Todos los jueves de julio y agosto se celebrar\u00e1n las Noches de Fiesta con la Noche Latina, la Fiesta Retro, la Noche Blanca o el bingo solidario en diferentes ubicaciones de la playa. A estas actividades se suman las propuestas del departamento de Juventud para ni\u00f1os y ni\u00f1as a partir de 11 a\u00f1os, con talleres de mosaico, pintura de camisetas, manualidades y juegos.<\/p>\n\n\n\n<p>Adem\u00e1s, el taller de empleo Et Formem Espais en Verd ha organizado dos actividades para dar a conocer su trabajo. Habr\u00e1 dos jornadas de puertas abiertas para visitar la ruta de los sentidos, el futuro Centro Azul y el huerto ecol\u00f3gico.<\/p>\n\n\n\n<p>La alcaldesa Lara Romero ha invitado a vecinos y visitantes a participar en todas las actividades que el Ayuntamiento de Tavernes de la Valldigna ha organizado para este verano, con una oferta completa y atractiva para todos los gustos y edades. \u201cNuestro programa de actividades incluye este a\u00f1o m\u00e1s de 100 propuestas diversas, con talleres creativos, eventos deportivos, espect\u00e1culos musicales y mucho m\u00e1s. Iniciativas que son una buena oportunidad para disfrutar del verano y que reflejan la riqueza y la diversidad cultural de Tavernes. Un programa en el que se han implicado todos los departamentos municipales y que nace con la colaboraci\u00f3n y participaci\u00f3n de asociaciones, clubes y entidades locales, as\u00ed que os animo a disfrutar del verano y de todas las actividades que hemos preparado\u201d, ha a\u00f1adido la alcaldesa Lara Romero.<\/p>\n","protected":false},"excerpt":{"rendered":"<p>El Ayuntamiento de Tavernes de la Valldigna ha organizado m\u00e1s de un centenar de actividades para disfrutar del verano. Los diferentes departamentos han planificado propuestas para todo tipo de p\u00fablico, repartidas a lo largo de las pr\u00f3ximas semanas, con el objetivo de ofrecer un amplio calendario con muchas actividades l\u00fadicas, culturales, deportivas e infantiles. Tras&#8230;<\/p>\n","protected":false},"author":1,"featured_media":4205,"comment_status":"open","ping_status":"open","sticky":false,"template":"","format":"standard","meta":{"footnotes":""},"categories":[1,27],"tags":[],"class_list":["post-4204","post","type-post","status-publish","format-standard","has-post-thumbnail","hentry","category-actualidad","category-sociedad"],"_links":{"self":[{"href":"https:\/\/infogandia.es\/index.php\/wp-json\/wp\/v2\/posts\/4204","targetHints":{"allow":["GET"]}}],"collection":[{"href":"https:\/\/infogandia.es\/index.php\/wp-json\/wp\/v2\/posts"}],"about":[{"href":"https:\/\/infogandia.es\/index.php\/wp-json\/wp\/v2\/types\/post"}],"author":[{"embeddable":true,"href":"https:\/\/infogandia.es\/index.php\/wp-json\/wp\/v2\/users\/1"}],"replies":[{"embeddable":true,"href":"https:\/\/infogandia.es\/index.php\/wp-json\/wp\/v2\/comments?post=4204"}],"version-history":[{"count":1,"href":"https:\/\/infogandia.es\/index.php\/wp-json\/wp\/v2\/posts\/4204\/revisions"}],"predecessor-version":[{"id":4206,"href":"https:\/\/infogandia.es\/index.php\/wp-json\/wp\/v2\/posts\/4204\/revisions\/4206"}],"wp:featuredmedia":[{"embeddable":true,"href":"https:\/\/infogandia.es\/index.php\/wp-json\/wp\/v2\/media\/4205"}],"wp:attachment":[{"href":"https:\/\/infogandia.es\/index.php\/wp-json\/wp\/v2\/media?parent=4204"}],"wp:term":[{"taxonomy":"category","embeddable":true,"href":"https:\/\/infogandia.es\/index.php\/wp-json\/wp\/v2\/categories?post=4204"},{"taxonomy":"post_tag","embeddable":true,"href":"https:\/\/infogandia.es\/index.php\/wp-json\/wp\/v2\/tags?post=4204"}],"curies":[{"name":"wp","href":"https:\/\/api.w.org\/{rel}","templated":true}]}}