{"id":4207,"date":"2024-06-27T16:16:08","date_gmt":"2024-06-27T16:16:08","guid":{"rendered":"https:\/\/infogandia.es\/?p=4207"},"modified":"2024-06-27T16:16:08","modified_gmt":"2024-06-27T16:16:08","slug":"inicia-manana-la-xxxiv-feria-del-motor-y-maquinaria-industrial-de-oliva","status":"publish","type":"post","link":"https:\/\/infogandia.es\/index.php\/2024\/06\/27\/inicia-manana-la-xxxiv-feria-del-motor-y-maquinaria-industrial-de-oliva\/","title":{"rendered":"Inicia ma\u00f1ana la XXXIV Feria del Motor y Maquinaria Industrial de Oliva"},"content":{"rendered":"\n<p>La inauguraci\u00f3n oficial de la feria ser\u00e1 ma\u00f1ana viernes a las 20:00 horas en la entrada del recinto ferial. El s\u00e1bado habr\u00e1 una actuaci\u00f3n de la Asociaci\u00f3n Arte y Danza de Oliva en la plaza Joan B. Escriv\u00e1, y el domingo se celebrar\u00e1 la Matinal Motera.<\/p>\n\n\n\n<p>Del viernes al domingo se llevar\u00e1 a cabo la 34.\u00aa edici\u00f3n de la Feria del Motor y Maquinaria Industrial de Oliva. Este evento est\u00e1 organizado nuevamente por la concejal\u00eda de Comercio del Ayuntamiento de Oliva, con el apoyo de la Agencia Valenciana de la Innovaci\u00f3n, la conseller\u00eda de Innovaci\u00f3n, Industria, Comercio y Turismo, la Asociaci\u00f3n de Comerciantes de Oliva (ACCO) y la Asociaci\u00f3n de Amigos de las Motos Cl\u00e1sicas de Oliva.<\/p>\n\n\n\n<p>La destacada Feria del Motor de la Safor se ubicar\u00e1 en el paseo de Oliva, en un espacio cerrado y vigilado de 14.000 metros cuadrados, algo muy apreciado por las empresas participantes. La XVIII Matinal Motera de Oliva se celebrar\u00e1 el domingo, 30 de junio, con varias novedades importantes.<\/p>\n\n\n\n<p>Teresa Tur, concejala de Comercio, Mercados y Consumo en Oliva, coment\u00f3 que la Fira del Motor i Maquin\u00e0ria cuenta con empresas leales que participan cada a\u00f1o debido a la seguridad ofrecida a los veh\u00edculos y los buenos resultados en ventas. Este a\u00f1o tambi\u00e9n hay empresas nuevas y atracciones infantiles, ya que la feria no solo es para comprar, sino tambi\u00e9n para disfrutar en familia. Es un momento ideal para renovar el coche o comprar una moto para los hijos, por lo que invita a toda la ciudadan\u00eda de Oliva, la Safor y comarcas vecinas a asistir a la feria y a la Matinal Motera del domingo, que incluir\u00e1 un nuevo recorrido y espect\u00e1culo de acrobacias sobre dos ruedas.<\/p>\n\n\n\n<p>La Feria del Motor y Maquinaria Industrial se realizar\u00e1 nuevamente en el recinto ferial al aire libre del paseo de Oliva (Llu\u00eds Vives, Alcalde Juan Sancho y Joan Fuster).<\/p>\n\n\n\n<p>El horario de la Feria del Motor y Maquinaria Industrial de Oliva ser\u00e1 el siguiente:<\/p>\n\n\n\n<ul class=\"wp-block-list\">\n<li><strong>Viernes, 28 de junio:<\/strong> de 19:00 a 22:30 horas.<\/li>\n\n\n\n<li><strong>S\u00e1bado, 29 de junio:<\/strong> de 10:00 a 14:30 y de 19:00 a 22:30 horas.<\/li>\n\n\n\n<li><strong>Domingo, 30 de junio:<\/strong> de 10:00 a 14:30 y de 19:00 a 22:30 horas.<\/li>\n<\/ul>\n\n\n\n<h3 class=\"wp-block-heading\">La 18\u00aa Matinal Motera el domingo<\/h3>\n\n\n\n<p>La Matinal Motera de Oliva alcanzar\u00e1 este domingo su mayor\u00eda de edad con novedades destacadas, como el nuevo recorrido de la vuelta tur\u00edstica en moto a las 12:00 horas hasta la playa, con se\u00f1alizaci\u00f3n exclusiva para las motos durante el recorrido.<\/p>\n\n\n\n<p>Adem\u00e1s, habr\u00e1 una gran exposici\u00f3n de motos cl\u00e1sicas, almuerzos, rifas y un nuevo espect\u00e1culo de acrobacias sobre dos ruedas, con un duelo protagonizado por los pilotos Emilio Zamora y Eduardo Rodr\u00edguez.<\/p>\n\n\n\n<p>El horario de las actividades previstas es el siguiente:<\/p>\n\n\n\n<ul class=\"wp-block-list\">\n<li><strong>08:00 horas:<\/strong> Concentraci\u00f3n en el parque de la Estaci\u00f3 y alrededores, con exposici\u00f3n de motos cl\u00e1sicas y tiendas de art\u00edculos para motos y moteros.<\/li>\n\n\n\n<li><strong>09:00 horas:<\/strong> Inicio del almuerzo en el paseo de Gregori Maians, con m\u00fasica en directo. Con un ticket de 10 euros, cada participante recibir\u00e1 un bocadillo, una camiseta y dos bebidas. Durante el almuerzo se realizar\u00e1n rifas tradicionales.<\/li>\n\n\n\n<li><strong>12:00 horas:<\/strong> Vuelta tur\u00edstica en moto.<\/li>\n\n\n\n<li><strong>13:00 horas:<\/strong> Espect\u00e1culo de acrobacias sobre dos ruedas a cargo de Emilio Zamora y Eduardo Rodr\u00edguez.<\/li>\n<\/ul>\n\n\n\n<p>Es importante recordar que la Matinal Motera de Oliva es una de las m\u00e1s destacadas del calendario valenciano, tanto por su buena organizaci\u00f3n como por el n\u00famero de participantes, con m\u00e1s de 1.000 motos en las \u00faltimas ediciones.<\/p>\n","protected":false},"excerpt":{"rendered":"<p>La inauguraci\u00f3n oficial de la feria ser\u00e1 ma\u00f1ana viernes a las 20:00 horas en la entrada del recinto ferial. El s\u00e1bado habr\u00e1 una actuaci\u00f3n de la Asociaci\u00f3n Arte y Danza de Oliva en la plaza Joan B. Escriv\u00e1, y el domingo se celebrar\u00e1 la Matinal Motera. Del viernes al domingo se llevar\u00e1 a cabo la&#8230;<\/p>\n","protected":false},"author":1,"featured_media":4208,"comment_status":"open","ping_status":"open","sticky":false,"template":"","format":"standard","meta":{"footnotes":""},"categories":[1,27],"tags":[],"class_list":["post-4207","post","type-post","status-publish","format-standard","has-post-thumbnail","hentry","category-actualidad","category-sociedad"],"_links":{"self":[{"href":"https:\/\/infogandia.es\/index.php\/wp-json\/wp\/v2\/posts\/4207","targetHints":{"allow":["GET"]}}],"collection":[{"href":"https:\/\/infogandia.es\/index.php\/wp-json\/wp\/v2\/posts"}],"about":[{"href":"https:\/\/infogandia.es\/index.php\/wp-json\/wp\/v2\/types\/post"}],"author":[{"embeddable":true,"href":"https:\/\/infogandia.es\/index.php\/wp-json\/wp\/v2\/users\/1"}],"replies":[{"embeddable":true,"href":"https:\/\/infogandia.es\/index.php\/wp-json\/wp\/v2\/comments?post=4207"}],"version-history":[{"count":1,"href":"https:\/\/infogandia.es\/index.php\/wp-json\/wp\/v2\/posts\/4207\/revisions"}],"predecessor-version":[{"id":4209,"href":"https:\/\/infogandia.es\/index.php\/wp-json\/wp\/v2\/posts\/4207\/revisions\/4209"}],"wp:featuredmedia":[{"embeddable":true,"href":"https:\/\/infogandia.es\/index.php\/wp-json\/wp\/v2\/media\/4208"}],"wp:attachment":[{"href":"https:\/\/infogandia.es\/index.php\/wp-json\/wp\/v2\/media?parent=4207"}],"wp:term":[{"taxonomy":"category","embeddable":true,"href":"https:\/\/infogandia.es\/index.php\/wp-json\/wp\/v2\/categories?post=4207"},{"taxonomy":"post_tag","embeddable":true,"href":"https:\/\/infogandia.es\/index.php\/wp-json\/wp\/v2\/tags?post=4207"}],"curies":[{"name":"wp","href":"https:\/\/api.w.org\/{rel}","templated":true}]}}