{"id":4215,"date":"2024-06-28T10:38:08","date_gmt":"2024-06-28T10:38:08","guid":{"rendered":"https:\/\/infogandia.es\/?p=4215"},"modified":"2024-06-28T10:38:09","modified_gmt":"2024-06-28T10:38:09","slug":"i-concurso-de-composicion-de-marchas-procesionales-de-la-semana-santa-de-gandia","status":"publish","type":"post","link":"https:\/\/infogandia.es\/index.php\/2024\/06\/28\/i-concurso-de-composicion-de-marchas-procesionales-de-la-semana-santa-de-gandia\/","title":{"rendered":"I Concurso de Composici\u00f3n de Marchas Procesionales de la Semana Santa de Gandia"},"content":{"rendered":"\n<p>El Teatre Serrano acogi\u00f3 ayer el concierto del I Concurso de Composici\u00f3n de Marchas Procesionales de la Semana Santa de Gandia. Esta iniciativa, patrocinada por Foment AIC, se enmarca dentro de la celebraci\u00f3n del X Congreso de la Semana Santa de Gandia y cont\u00f3 con la intervenci\u00f3n del alcalde de Gandia, Jos\u00e9 Manuel Prieto, y la asistencia de otros representantes de la corporaci\u00f3n municipal encabezados por el concejal delegado de la Semana Santa, Miguel \u00c1ngel Picornell.<\/p>\n\n\n\n<figure class=\"wp-block-image size-large\"><img fetchpriority=\"high\" decoding=\"async\" width=\"1024\" height=\"714\" src=\"https:\/\/infogandia.es\/wp-content\/uploads\/2024\/06\/AO_5716-copia-1024x714.jpg\" alt=\"\" class=\"wp-image-4218\" srcset=\"https:\/\/infogandia.es\/wp-content\/uploads\/2024\/06\/AO_5716-copia-1024x714.jpg 1024w, https:\/\/infogandia.es\/wp-content\/uploads\/2024\/06\/AO_5716-copia-300x209.jpg 300w, https:\/\/infogandia.es\/wp-content\/uploads\/2024\/06\/AO_5716-copia-768x536.jpg 768w, https:\/\/infogandia.es\/wp-content\/uploads\/2024\/06\/AO_5716-copia-1536x1071.jpg 1536w, https:\/\/infogandia.es\/wp-content\/uploads\/2024\/06\/AO_5716-copia.jpg 1771w\" sizes=\"(max-width: 1024px) 100vw, 1024px\" \/><\/figure>\n\n\n\n<p>El alcalde quiso reconocer el esfuerzo realizado por los participantes, que permitir\u00e1 aumentar el patrimonio musical de Gandia. En este sentido, la m\u00e1xima autoridad destac\u00f3 la importancia de las tres bandas de m\u00fasica de la ciudad como parte fundamental de la identidad de Gandia y felicit\u00f3 a la Semana Santa de Gandia por la iniciativa.<\/p>\n\n\n\n<figure class=\"wp-block-image size-large\"><img decoding=\"async\" width=\"1024\" height=\"714\" src=\"https:\/\/infogandia.es\/wp-content\/uploads\/2024\/06\/AO_5704-copia-1024x714.jpg\" alt=\"\" class=\"wp-image-4217\" srcset=\"https:\/\/infogandia.es\/wp-content\/uploads\/2024\/06\/AO_5704-copia-1024x714.jpg 1024w, https:\/\/infogandia.es\/wp-content\/uploads\/2024\/06\/AO_5704-copia-300x209.jpg 300w, https:\/\/infogandia.es\/wp-content\/uploads\/2024\/06\/AO_5704-copia-768x536.jpg 768w, https:\/\/infogandia.es\/wp-content\/uploads\/2024\/06\/AO_5704-copia-1536x1071.jpg 1536w, https:\/\/infogandia.es\/wp-content\/uploads\/2024\/06\/AO_5704-copia.jpg 1771w\" sizes=\"(max-width: 1024px) 100vw, 1024px\" \/><\/figure>\n","protected":false},"excerpt":{"rendered":"<p>El Teatre Serrano acogi\u00f3 ayer el concierto del I Concurso de Composici\u00f3n de Marchas Procesionales de la Semana Santa de Gandia. Esta iniciativa, patrocinada por Foment AIC, se enmarca dentro de la celebraci\u00f3n del X Congreso de la Semana Santa de Gandia y cont\u00f3 con la intervenci\u00f3n del alcalde de Gandia, Jos\u00e9 Manuel Prieto, y&#8230;<\/p>\n","protected":false},"author":1,"featured_media":4216,"comment_status":"open","ping_status":"open","sticky":false,"template":"","format":"standard","meta":{"footnotes":""},"categories":[1,27],"tags":[],"class_list":["post-4215","post","type-post","status-publish","format-standard","has-post-thumbnail","hentry","category-actualidad","category-sociedad"],"_links":{"self":[{"href":"https:\/\/infogandia.es\/index.php\/wp-json\/wp\/v2\/posts\/4215","targetHints":{"allow":["GET"]}}],"collection":[{"href":"https:\/\/infogandia.es\/index.php\/wp-json\/wp\/v2\/posts"}],"about":[{"href":"https:\/\/infogandia.es\/index.php\/wp-json\/wp\/v2\/types\/post"}],"author":[{"embeddable":true,"href":"https:\/\/infogandia.es\/index.php\/wp-json\/wp\/v2\/users\/1"}],"replies":[{"embeddable":true,"href":"https:\/\/infogandia.es\/index.php\/wp-json\/wp\/v2\/comments?post=4215"}],"version-history":[{"count":1,"href":"https:\/\/infogandia.es\/index.php\/wp-json\/wp\/v2\/posts\/4215\/revisions"}],"predecessor-version":[{"id":4219,"href":"https:\/\/infogandia.es\/index.php\/wp-json\/wp\/v2\/posts\/4215\/revisions\/4219"}],"wp:featuredmedia":[{"embeddable":true,"href":"https:\/\/infogandia.es\/index.php\/wp-json\/wp\/v2\/media\/4216"}],"wp:attachment":[{"href":"https:\/\/infogandia.es\/index.php\/wp-json\/wp\/v2\/media?parent=4215"}],"wp:term":[{"taxonomy":"category","embeddable":true,"href":"https:\/\/infogandia.es\/index.php\/wp-json\/wp\/v2\/categories?post=4215"},{"taxonomy":"post_tag","embeddable":true,"href":"https:\/\/infogandia.es\/index.php\/wp-json\/wp\/v2\/tags?post=4215"}],"curies":[{"name":"wp","href":"https:\/\/api.w.org\/{rel}","templated":true}]}}