{"id":4220,"date":"2024-06-28T10:41:45","date_gmt":"2024-06-28T10:41:45","guid":{"rendered":"https:\/\/infogandia.es\/?p=4220"},"modified":"2024-06-28T10:42:02","modified_gmt":"2024-06-28T10:42:02","slug":"demarcacion-de-costas-inicia-los-trabajos-de-reposicion-de-arena-en-la-playa-de-la-goleta","status":"publish","type":"post","link":"https:\/\/infogandia.es\/index.php\/2024\/06\/28\/demarcacion-de-costas-inicia-los-trabajos-de-reposicion-de-arena-en-la-playa-de-la-goleta\/","title":{"rendered":"Demarcaci\u00f3n de Costas inicia los trabajos de reposici\u00f3n de arena en la playa de la Goleta"},"content":{"rendered":"\n<p>En esta intervenci\u00f3n se verter\u00e1n m\u00e1s de 9,000 metros c\u00fabicos de arena extra\u00edda de la playa de Cullera.<\/p>\n\n\n\n<p><strong><em>&#8220;Estamos sacrificando unos d\u00edas una zona de nuestra playa, que estar\u00e1 cerrada por los trabajos, para ofrecer una soluci\u00f3n temporal que nos permitir\u00e1 disfrutar este verano de una playa en mejores condiciones, mientras esperamos la soluci\u00f3n definitiva con el proyecto de regeneraci\u00f3n para nuestro litoral&#8221;, se\u00f1al\u00f3 la alcaldesa Lara Romero.<\/em><\/strong><\/p>\n\n\n\n<p>Demarcaci\u00f3n de Costas, a trav\u00e9s del Gobierno de Espa\u00f1a, ha comenzado esta ma\u00f1ana los trabajos de reposici\u00f3n de arena en la playa de la Goleta en Tavernes de la Valldigna. Los operarios de la empresa adjudicataria ya han vallado y se\u00f1alizado el per\u00edmetro de la zona afectada por esta intervenci\u00f3n. Se verter\u00e1n m\u00e1s de 9,000 metros c\u00fabicos de arena, tal como se comprometi\u00f3 Demarcaci\u00f3n de Costas tras la solicitud hecha por la alcaldesa Lara Romero en las \u00faltimas reuniones con los representantes de este organismo estatal.<\/p>\n\n\n\n<p>Estos trabajos permitir\u00e1n depositar la arena que actualmente se est\u00e1 extrayendo de la playa de Cullera y transportando en camiones hasta el litoral de Tavernes. Se prev\u00e9 que los trabajos de reposici\u00f3n de arena concluyan el pr\u00f3ximo 12 de julio.<\/p>\n\n\n\n<p>La alcaldesa Lara Romero agradeci\u00f3 a Demarcaci\u00f3n de Costas el esfuerzo realizado para iniciar esta intervenci\u00f3n, as\u00ed como al Ayuntamiento de Cullera por su sensibilidad y solidaridad con Tavernes ante la situaci\u00f3n actual de la playa de la Goleta.<strong><em> &#8220;Sabemos que la aportaci\u00f3n de arena no es la soluci\u00f3n definitiva que necesitamos, y por eso seguiremos reclamando que se acelere el proyecto de regeneraci\u00f3n que tenemos para nuestras playas, el cual cuenta con una inversi\u00f3n de 20 millones de euros del Gobierno de Espa\u00f1a. Mientras llega la soluci\u00f3n definitiva, debemos agradecer esta aportaci\u00f3n de 9,000 metros c\u00fabicos como medida paliativa que servir\u00e1 para proteger las viviendas en primera l\u00ednea de playa y para que vecinos, vecinas y visitantes puedan disfrutar de una playa de mayores dimensiones este verano. Sacrificamos unos d\u00edas este peque\u00f1o tramo de nuestro litoral, que estar\u00e1 cerrado, pero esto permitir\u00e1 disfrutar de nuestra playa este verano en las mejores condiciones&#8221;<\/em><\/strong>, se\u00f1al\u00f3 la alcaldesa Lara Romero.<\/p>\n","protected":false},"excerpt":{"rendered":"<p>En esta intervenci\u00f3n se verter\u00e1n m\u00e1s de 9,000 metros c\u00fabicos de arena extra\u00edda de la playa de Cullera. &#8220;Estamos sacrificando unos d\u00edas una zona de nuestra playa, que estar\u00e1 cerrada por los trabajos, para ofrecer una soluci\u00f3n temporal que nos permitir\u00e1 disfrutar este verano de una playa en mejores condiciones, mientras esperamos la soluci\u00f3n definitiva&#8230;<\/p>\n","protected":false},"author":1,"featured_media":4221,"comment_status":"open","ping_status":"open","sticky":false,"template":"","format":"standard","meta":{"footnotes":""},"categories":[1,27],"tags":[],"class_list":["post-4220","post","type-post","status-publish","format-standard","has-post-thumbnail","hentry","category-actualidad","category-sociedad"],"_links":{"self":[{"href":"https:\/\/infogandia.es\/index.php\/wp-json\/wp\/v2\/posts\/4220","targetHints":{"allow":["GET"]}}],"collection":[{"href":"https:\/\/infogandia.es\/index.php\/wp-json\/wp\/v2\/posts"}],"about":[{"href":"https:\/\/infogandia.es\/index.php\/wp-json\/wp\/v2\/types\/post"}],"author":[{"embeddable":true,"href":"https:\/\/infogandia.es\/index.php\/wp-json\/wp\/v2\/users\/1"}],"replies":[{"embeddable":true,"href":"https:\/\/infogandia.es\/index.php\/wp-json\/wp\/v2\/comments?post=4220"}],"version-history":[{"count":1,"href":"https:\/\/infogandia.es\/index.php\/wp-json\/wp\/v2\/posts\/4220\/revisions"}],"predecessor-version":[{"id":4222,"href":"https:\/\/infogandia.es\/index.php\/wp-json\/wp\/v2\/posts\/4220\/revisions\/4222"}],"wp:featuredmedia":[{"embeddable":true,"href":"https:\/\/infogandia.es\/index.php\/wp-json\/wp\/v2\/media\/4221"}],"wp:attachment":[{"href":"https:\/\/infogandia.es\/index.php\/wp-json\/wp\/v2\/media?parent=4220"}],"wp:term":[{"taxonomy":"category","embeddable":true,"href":"https:\/\/infogandia.es\/index.php\/wp-json\/wp\/v2\/categories?post=4220"},{"taxonomy":"post_tag","embeddable":true,"href":"https:\/\/infogandia.es\/index.php\/wp-json\/wp\/v2\/tags?post=4220"}],"curies":[{"name":"wp","href":"https:\/\/api.w.org\/{rel}","templated":true}]}}