{"id":4254,"date":"2024-07-10T08:39:42","date_gmt":"2024-07-10T08:39:42","guid":{"rendered":"https:\/\/infogandia.es\/?p=4254"},"modified":"2024-07-12T10:48:39","modified_gmt":"2024-07-12T10:48:39","slug":"historica-rajada-de-toni-puig-nos-planteamos-dejar-de-entrenar-en-gandia-y-yo-del-teika-no-competiria","status":"publish","type":"post","link":"https:\/\/infogandia.es\/index.php\/2024\/07\/10\/historica-rajada-de-toni-puig-nos-planteamos-dejar-de-entrenar-en-gandia-y-yo-del-teika-no-competiria\/","title":{"rendered":"Hist\u00f3rica rajada de Toni Puig: \u201cnos planteamos dejar de entrenar en Gand\u00eda y yo del Teika no competir\u00eda\u201d"},"content":{"rendered":"\n<figure class=\"wp-block-embed is-type-video is-provider-youtube wp-block-embed-youtube wp-embed-aspect-16-9 wp-has-aspect-ratio\"><div class=\"wp-block-embed__wrapper\">\n<iframe title=\"ELTERTULIONGANDIA| Puig: \u201cnos planteamos dejar de entrenar en Gand\u00eda y yo del Teika\u00a0no\u00a0competir\u00eda\u201d\" width=\"640\" height=\"360\" src=\"https:\/\/www.youtube.com\/embed\/-7PpAJknaio?feature=oembed\" frameborder=\"0\" allow=\"accelerometer; autoplay; clipboard-write; encrypted-media; gyroscope; picture-in-picture; web-share\" referrerpolicy=\"strict-origin-when-cross-origin\" allowfullscreen><\/iframe>\n<\/div><\/figure>\n\n\n\n<p>El deporte en Gandia est\u00e1 atravesando un momento excepcional, con varios atletas y clubes locales logrando \u00e9xitos importantes. Hoy se ha conocido que los deportistas C\u00f3rcoles y Cabanilles representar\u00e1n a Espa\u00f1a en el Campeonato Europeo Sub-19, sum\u00e1ndose a la lista de talentos destacados de la regi\u00f3n.<\/p>\n\n\n\n<p>Entre estos talentos, Quique Llopis se erige como uno de los mejores atletas de la comarca, un hecho que ser\u00eda indiscutible si no fuera por la notable trayectoria de otros deportistas como Ib\u00e1\u00f1ez, dos veces ol\u00edmpico. El atletismo en Gand\u00eda no solo cuenta con figuras de alto nivel, sino tambi\u00e9n con una fuerte presencia en competiciones nacionales, con los equipos masculino y femenino del Club Safor en primera divisi\u00f3n.<\/p>\n\n\n\n<p>Este \u00e9xito es el resultado de muchos a\u00f1os de esfuerzo y dedicaci\u00f3n por parte de los tres clubes principales de la ciudad. Sin embargo, a pesar de los logros deportivos, la infraestructura de la pista de atletismo de Gand\u00eda se encuentra en una situaci\u00f3n cr\u00edtica. Los clubes y entrenadores llevan a\u00f1os reclamando mejoras en las instalaciones, pero las promesas de renovaci\u00f3n por parte de los partidos pol\u00edticos (Comprom\u00eds y PSOE) no se han materializado.<\/p>\n\n\n\n<p>La falta de mantenimiento adecuado ha llevado a situaciones precarias, como una pista llena de parches y una jaula de martillo en mal estado, entre otros problemas. A pesar de esto, los deportistas contin\u00faan entrenando con determinaci\u00f3n. El entrenador Toni Puig, responsable de varios atletas de \u00e9lite, expres\u00f3 su frustraci\u00f3n por las condiciones actuales de la pista y su preocupaci\u00f3n por la seguridad de los deportistas.<\/p>\n\n\n\n<p>A pesar de las dificultades, Puig y sus atletas siguen obteniendo resultados impresionantes. Quique Llopis, por ejemplo, ha demostrado un notable progreso y madurez en su carrera, superando desaf\u00edos significativos, incluida una grave ca\u00edda. Su reciente \u00e9xito en competiciones nacionales e internacionales destaca su resiliencia y talento.<\/p>\n\n\n\n<p>La comunidad deportiva de Gandia espera que las autoridades tomen medidas urgentes para mejorar las instalaciones y proporcionar a los deportistas el entorno que merecen para entrenar y competir en las mejores condiciones posibles. Mientras tanto, los logros de atletas como Llopis y los esfuerzos de los clubes locales contin\u00faan inspirando a la pr\u00f3xima generaci\u00f3n de deportistas en la regi\u00f3n.<\/p>\n","protected":false},"excerpt":{"rendered":"<p>El deporte en Gandia est\u00e1 atravesando un momento excepcional, con varios atletas y clubes locales logrando \u00e9xitos importantes. Hoy se ha conocido que los deportistas C\u00f3rcoles y Cabanilles representar\u00e1n a Espa\u00f1a en el Campeonato Europeo Sub-19, sum\u00e1ndose a la lista de talentos destacados de la regi\u00f3n. Entre estos talentos, Quique Llopis se erige como uno&#8230;<\/p>\n","protected":false},"author":1,"featured_media":0,"comment_status":"open","ping_status":"open","sticky":false,"template":"","format":"standard","meta":{"footnotes":""},"categories":[1],"tags":[],"class_list":["post-4254","post","type-post","status-publish","format-standard","hentry","category-actualidad"],"_links":{"self":[{"href":"https:\/\/infogandia.es\/index.php\/wp-json\/wp\/v2\/posts\/4254","targetHints":{"allow":["GET"]}}],"collection":[{"href":"https:\/\/infogandia.es\/index.php\/wp-json\/wp\/v2\/posts"}],"about":[{"href":"https:\/\/infogandia.es\/index.php\/wp-json\/wp\/v2\/types\/post"}],"author":[{"embeddable":true,"href":"https:\/\/infogandia.es\/index.php\/wp-json\/wp\/v2\/users\/1"}],"replies":[{"embeddable":true,"href":"https:\/\/infogandia.es\/index.php\/wp-json\/wp\/v2\/comments?post=4254"}],"version-history":[{"count":1,"href":"https:\/\/infogandia.es\/index.php\/wp-json\/wp\/v2\/posts\/4254\/revisions"}],"predecessor-version":[{"id":4255,"href":"https:\/\/infogandia.es\/index.php\/wp-json\/wp\/v2\/posts\/4254\/revisions\/4255"}],"wp:attachment":[{"href":"https:\/\/infogandia.es\/index.php\/wp-json\/wp\/v2\/media?parent=4254"}],"wp:term":[{"taxonomy":"category","embeddable":true,"href":"https:\/\/infogandia.es\/index.php\/wp-json\/wp\/v2\/categories?post=4254"},{"taxonomy":"post_tag","embeddable":true,"href":"https:\/\/infogandia.es\/index.php\/wp-json\/wp\/v2\/tags?post=4254"}],"curies":[{"name":"wp","href":"https:\/\/api.w.org\/{rel}","templated":true}]}}