{"id":4315,"date":"2024-07-19T09:24:19","date_gmt":"2024-07-19T09:24:19","guid":{"rendered":"https:\/\/infogandia.es\/?p=4315"},"modified":"2024-07-19T09:24:20","modified_gmt":"2024-07-19T09:24:20","slug":"la-diputacion-de-valencia-amplia-su-oferta-formativa-para-empleados-de-entidades-locales","status":"publish","type":"post","link":"https:\/\/infogandia.es\/index.php\/2024\/07\/19\/la-diputacion-de-valencia-amplia-su-oferta-formativa-para-empleados-de-entidades-locales\/","title":{"rendered":"La Diputaci\u00f3n de Valencia ampl\u00eda su oferta formativa para empleados de entidades locales"},"content":{"rendered":"\n<p>El pleno de la Diputaci\u00f3n de Valencia ha aprobado de forma un\u00e1nime el Plan Agrupado de Formaci\u00f3n Continua para 2024, que busca reforzar la ya extensa oferta formativa dirigida a los empleados p\u00fablicos de las entidades locales valencianas. Este plan est\u00e1 financiado por el Instituto Valenciano de Administraci\u00f3n P\u00fablica, bajo la supervisi\u00f3n de la Conselleria de Hacienda, Econom\u00eda y Administraci\u00f3n P\u00fablica de la Generalitat Valenciana.<\/p>\n\n\n\n<p>El plan incluye 75 cursos y actividades formativas, con un total de m\u00e1s de 2,100 plazas, que se desarrollar\u00e1n entre septiembre y diciembre de 2024. Este nuevo plan se a\u00f1ade a las actividades ya programadas en el Plan General de la Diputaci\u00f3n. Los contenidos de estos cursos abarcan competencias digitales, administraci\u00f3n electr\u00f3nica, y transformaci\u00f3n digital, as\u00ed como temas relacionados con el valenciano, contrataci\u00f3n, gesti\u00f3n econ\u00f3mica e igualdad.<\/p>\n\n\n\n<p>Ricardo Gabald\u00f3n, diputado de Administraci\u00f3n General y Formaci\u00f3n, declar\u00f3: \u201cLa aprobaci\u00f3n del Plan Agrupado de Formaci\u00f3n nos permitir\u00e1 aumentar considerablemente la variedad de la oferta formativa de la Diputaci\u00f3n de Valencia en la segunda mitad de 2024. Este acuerdo, fruto del di\u00e1logo con los grupos sindicales y responsables de la corporaci\u00f3n, facilitar\u00e1 la formaci\u00f3n continua del personal de las entidades locales de la provincia y de la propia Diputaci\u00f3n\u201d.<\/p>\n\n\n\n<h3 class=\"wp-block-heading\">Descentralizaci\u00f3n de la formaci\u00f3n y modalidades de los cursos<\/h3>\n\n\n\n<p>El plan tambi\u00e9n incluye una estrategia para acercar la formaci\u00f3n a localidades fuera de la capital. Est\u00e1 prevista la realizaci\u00f3n de cursos en sedes descentralizadas, cedidas por los ayuntamientos de la provincia. Gabald\u00f3n subray\u00f3: \u201cLa descentralizaci\u00f3n formativa seguir\u00e1 siendo una prioridad, con la realizaci\u00f3n de cursos en localidades como Xeraco y Olocau, enfocados en Desarrollo Local y Turismo, respectivamente, siguiendo la l\u00ednea de acercar la instituci\u00f3n a todos los municipios de la provincia\u201d.<\/p>\n\n\n\n<p>Respecto a las modalidades de los cursos, aunque se mantendr\u00e1n actividades presenciales, muchas se ofrecer\u00e1n en formatos mixtos, combinando clases en l\u00ednea y videoclases. Tambi\u00e9n habr\u00e1 una significativa oferta de cursos exclusivamente en l\u00ednea, lo cual favorece la participaci\u00f3n y ampl\u00eda el acceso a la formaci\u00f3n para m\u00e1s empleados p\u00fablicos de la provincia.<\/p>\n\n\n\n<p>Los cursos ser\u00e1n impartidos por expertos en las respectivas materias, provenientes de la propia Diputaci\u00f3n, ayuntamientos, universidades y el sector privado.<\/p>\n","protected":false},"excerpt":{"rendered":"<p>El pleno de la Diputaci\u00f3n de Valencia ha aprobado de forma un\u00e1nime el Plan Agrupado de Formaci\u00f3n Continua para 2024, que busca reforzar la ya extensa oferta formativa dirigida a los empleados p\u00fablicos de las entidades locales valencianas. Este plan est\u00e1 financiado por el Instituto Valenciano de Administraci\u00f3n P\u00fablica, bajo la supervisi\u00f3n de la Conselleria&#8230;<\/p>\n","protected":false},"author":1,"featured_media":4316,"comment_status":"open","ping_status":"open","sticky":false,"template":"","format":"standard","meta":{"footnotes":""},"categories":[1,27],"tags":[],"class_list":["post-4315","post","type-post","status-publish","format-standard","has-post-thumbnail","hentry","category-actualidad","category-sociedad"],"_links":{"self":[{"href":"https:\/\/infogandia.es\/index.php\/wp-json\/wp\/v2\/posts\/4315","targetHints":{"allow":["GET"]}}],"collection":[{"href":"https:\/\/infogandia.es\/index.php\/wp-json\/wp\/v2\/posts"}],"about":[{"href":"https:\/\/infogandia.es\/index.php\/wp-json\/wp\/v2\/types\/post"}],"author":[{"embeddable":true,"href":"https:\/\/infogandia.es\/index.php\/wp-json\/wp\/v2\/users\/1"}],"replies":[{"embeddable":true,"href":"https:\/\/infogandia.es\/index.php\/wp-json\/wp\/v2\/comments?post=4315"}],"version-history":[{"count":1,"href":"https:\/\/infogandia.es\/index.php\/wp-json\/wp\/v2\/posts\/4315\/revisions"}],"predecessor-version":[{"id":4317,"href":"https:\/\/infogandia.es\/index.php\/wp-json\/wp\/v2\/posts\/4315\/revisions\/4317"}],"wp:featuredmedia":[{"embeddable":true,"href":"https:\/\/infogandia.es\/index.php\/wp-json\/wp\/v2\/media\/4316"}],"wp:attachment":[{"href":"https:\/\/infogandia.es\/index.php\/wp-json\/wp\/v2\/media?parent=4315"}],"wp:term":[{"taxonomy":"category","embeddable":true,"href":"https:\/\/infogandia.es\/index.php\/wp-json\/wp\/v2\/categories?post=4315"},{"taxonomy":"post_tag","embeddable":true,"href":"https:\/\/infogandia.es\/index.php\/wp-json\/wp\/v2\/tags?post=4315"}],"curies":[{"name":"wp","href":"https:\/\/api.w.org\/{rel}","templated":true}]}}