{"id":4322,"date":"2024-07-19T09:33:12","date_gmt":"2024-07-19T09:33:12","guid":{"rendered":"https:\/\/infogandia.es\/?p=4322"},"modified":"2024-07-19T09:33:12","modified_gmt":"2024-07-19T09:33:12","slug":"gandia-se-une-a-la-alianza-entre-la-comunidad-valenciana-y-ecuador-para-fortalecer-el-liderazgo-femenino-en-entidades-locales","status":"publish","type":"post","link":"https:\/\/infogandia.es\/index.php\/2024\/07\/19\/gandia-se-une-a-la-alianza-entre-la-comunidad-valenciana-y-ecuador-para-fortalecer-el-liderazgo-femenino-en-entidades-locales\/","title":{"rendered":"Gandia se une a la alianza entre la Comunidad Valenciana y Ecuador para fortalecer el liderazgo femenino en entidades locales"},"content":{"rendered":"\n<p>El 13 y 14 de julio, Quito, la capital de Ecuador, acogi\u00f3 el Encuentro Nacional de Mujeres Autoridades Locales de Ecuador, titulado \u201cDesaf\u00edos de la democracia para el avance de los derechos de las mujeres cien a\u00f1os despu\u00e9s del voto femenino en Ecuador\u201d. Este evento reuni\u00f3 a m\u00e1s de 100 mujeres l\u00edderes de 10 gobiernos locales de Ecuador (Bibli\u00e1n, Cotacachi, Esmeraldas, Lago Agrio, Pedro Moncayo, Quito, Rumi\u00f1ahui, San Crist\u00f3bal, San Vicente y Tisaleo) y de la Comunidad Valenciana. El encuentro sirvi\u00f3 como un espacio de di\u00e1logo e intercambio de experiencias, conocimientos y aprendizajes entre las participantes de las cuatro regiones de Ecuador (Costa, Sierra, Oriente y Gal\u00e1pagos).<\/p>\n\n\n\n<p>El objetivo principal del encuentro fue fortalecer el acceso de las mujeres al poder pol\u00edtico y a la gesti\u00f3n local, fomentar la interacci\u00f3n entre mujeres l\u00edderes y organizaciones feministas para avanzar en los derechos de las mujeres en sus territorios, y crear una red de intercambio entre mujeres l\u00edderes de Ecuador y la Comunidad Valenciana. Las sesiones incluyeron ponencias y mesas de trabajo sobre temas como la participaci\u00f3n pol\u00edtica y liderazgo de mujeres, violencia pol\u00edtica de g\u00e9nero, agendas de g\u00e9nero como mecanismos de participaci\u00f3n y pol\u00edticas p\u00fablicas para la igualdad, as\u00ed como la gesti\u00f3n local y rendici\u00f3n de cuentas.<\/p>\n\n\n\n<p>El evento de Quito forma parte del proyecto del Fons Valenci\u00e0 por la Solidaridad, \u201cTejiendo el empoderamiento de mujeres autoridades locales\u201d, cofinanciado por la Direcci\u00f3n General de Inclusi\u00f3n y Cooperaci\u00f3n al Desarrollo de la Generalitat Valenciana y con la colaboraci\u00f3n del Centro Ecuatoriano para la Promoci\u00f3n y Acci\u00f3n de la Mujer (CEPAM). Este proyecto busca promover la igualdad de g\u00e9nero en los gobiernos locales de Ecuador fortaleciendo las capacidades de gesti\u00f3n de las mujeres l\u00edderes y fomentando redes de intercambio con mujeres electas y organizaciones locales para desarrollar e implementar una agenda pol\u00edtica de igualdad.<\/p>\n\n\n\n<p>La delegaci\u00f3n valenciana que asisti\u00f3 al encuentro y que continuar\u00e1 supervisando los proyectos del Fons en Ecuador est\u00e1 compuesta por Xelo Angulo, presidenta del Fons y teniente de alcalde de X\u00e0tiva; Liduvina Gil, miembro de la Junta Ejecutiva del Fons y teniente de alcalde de Gandia; Aroa Mira, regidora de Alcoy; Marta Ortiz, alcaldesa de Benifai\u00f3; Vicenta Bosc\u00e0, alcaldesa de Castell\u00f3 de Rugat; Nuria Blanch, teniente de alcalde de Catarroja; Lucia Fern\u00e1ndez, teniente de alcalde de Quart de Poblet; Matilde Mar\u00edn, alcaldesa de Enguera; y Virginia Contreras, alcaldesa de Guadass\u00e9quies. Tambi\u00e9n participaron Esteve Ordi\u00f1ana, gerente del Fons Valenci\u00e0, y Toni Gisbert, t\u00e9cnico del Fons.<\/p>\n\n\n\n<h3 class=\"wp-block-heading\">Conclusiones del Encuentro<\/h3>\n\n\n\n<p>El encuentro proporcion\u00f3 un espacio ideal para el empoderamiento de las mujeres l\u00edderes locales de Ecuador y la Comunidad Valenciana. Se destacaron las Agendas Municipales de Pol\u00edticas de Igualdad, desarrolladas dentro del proyecto del Fons, como herramientas clave para promover la equidad de g\u00e9nero en las instituciones locales de los municipios ecuatorianos participantes. Estas agendas buscan fortalecer el liderazgo femenino y promover pol\u00edticas p\u00fablicas locales en materia de igualdad, permitiendo, entre otros aspectos, negociar presupuestos para su implementaci\u00f3n.<\/p>\n\n\n\n<p>Asimismo, se identificaron problemas comunes entre las mujeres l\u00edderes de ambos territorios, como las barreras para la participaci\u00f3n pol\u00edtica de las mujeres, la preocupaci\u00f3n por la posible p\u00e9rdida de derechos ya adquiridos y la necesidad de involucrar a los hombres en la lucha feminista, entendiendo que esta lucha es contra el sistema patriarcal, del cual tambi\u00e9n son v\u00edctimas.<\/p>\n\n\n\n<p>En resumen, las l\u00edderes participantes se comprometieron a mantener una solidaridad y coordinaci\u00f3n constante para abordar los problemas de g\u00e9nero en el \u00e1mbito municipal, transcendentando fronteras y contextos locales.<\/p>\n","protected":false},"excerpt":{"rendered":"<p>El 13 y 14 de julio, Quito, la capital de Ecuador, acogi\u00f3 el Encuentro Nacional de Mujeres Autoridades Locales de Ecuador, titulado \u201cDesaf\u00edos de la democracia para el avance de los derechos de las mujeres cien a\u00f1os despu\u00e9s del voto femenino en Ecuador\u201d. Este evento reuni\u00f3 a m\u00e1s de 100 mujeres l\u00edderes de 10 gobiernos&#8230;<\/p>\n","protected":false},"author":1,"featured_media":4323,"comment_status":"open","ping_status":"open","sticky":false,"template":"","format":"standard","meta":{"footnotes":""},"categories":[1,27],"tags":[],"class_list":["post-4322","post","type-post","status-publish","format-standard","has-post-thumbnail","hentry","category-actualidad","category-sociedad"],"_links":{"self":[{"href":"https:\/\/infogandia.es\/index.php\/wp-json\/wp\/v2\/posts\/4322","targetHints":{"allow":["GET"]}}],"collection":[{"href":"https:\/\/infogandia.es\/index.php\/wp-json\/wp\/v2\/posts"}],"about":[{"href":"https:\/\/infogandia.es\/index.php\/wp-json\/wp\/v2\/types\/post"}],"author":[{"embeddable":true,"href":"https:\/\/infogandia.es\/index.php\/wp-json\/wp\/v2\/users\/1"}],"replies":[{"embeddable":true,"href":"https:\/\/infogandia.es\/index.php\/wp-json\/wp\/v2\/comments?post=4322"}],"version-history":[{"count":1,"href":"https:\/\/infogandia.es\/index.php\/wp-json\/wp\/v2\/posts\/4322\/revisions"}],"predecessor-version":[{"id":4324,"href":"https:\/\/infogandia.es\/index.php\/wp-json\/wp\/v2\/posts\/4322\/revisions\/4324"}],"wp:featuredmedia":[{"embeddable":true,"href":"https:\/\/infogandia.es\/index.php\/wp-json\/wp\/v2\/media\/4323"}],"wp:attachment":[{"href":"https:\/\/infogandia.es\/index.php\/wp-json\/wp\/v2\/media?parent=4322"}],"wp:term":[{"taxonomy":"category","embeddable":true,"href":"https:\/\/infogandia.es\/index.php\/wp-json\/wp\/v2\/categories?post=4322"},{"taxonomy":"post_tag","embeddable":true,"href":"https:\/\/infogandia.es\/index.php\/wp-json\/wp\/v2\/tags?post=4322"}],"curies":[{"name":"wp","href":"https:\/\/api.w.org\/{rel}","templated":true}]}}