{"id":4325,"date":"2024-07-22T15:05:39","date_gmt":"2024-07-22T15:05:39","guid":{"rendered":"https:\/\/infogandia.es\/?p=4325"},"modified":"2024-07-22T15:05:39","modified_gmt":"2024-07-22T15:05:39","slug":"arranca-la-iv-edicion-del-campus-musical-vicky-foods-con-un-enfoque-solidario","status":"publish","type":"post","link":"https:\/\/infogandia.es\/index.php\/2024\/07\/22\/arranca-la-iv-edicion-del-campus-musical-vicky-foods-con-un-enfoque-solidario\/","title":{"rendered":"Arranca la IV edici\u00f3n del Campus Musical Vicky Foods con un enfoque solidario"},"content":{"rendered":"\n<p>Hoy ha dado comienzo la IV edici\u00f3n del Campus Musical Vicky Foods, que se llevar\u00e1 a cabo hasta el pr\u00f3ximo viernes. Durante estos cinco d\u00edas, 126 participantes de toda Espa\u00f1a e incluso de Suiza se unir\u00e1n a esta iniciativa. Seg\u00fan el director del Campus, Vicent Mengual, &#8220;el Campus busca complementar la formaci\u00f3n que los estudiantes no reciben en sus programas acad\u00e9micos tradicionales. Queremos aportar un valor a\u00f1adido al campus, con una oferta formativa \u00fanica que no se encuentra en otros lugares&#8221;.<\/p>\n\n\n\n<p>Esta edici\u00f3n tiene un fuerte componente solidario, ya que el 100% de la cuota de inscripci\u00f3n de los alumnos, unos 5.000 euros, ser\u00e1 donado a la Fundaci\u00f3n Peque\u00f1o Deseo. Esta fundaci\u00f3n se dedica a mejorar el estado an\u00edmico de ni\u00f1os y ni\u00f1as con enfermedades graves cumpliendo sus mayores deseos, con el fin de ayudarles a afrontar sus tratamientos con m\u00e1s fuerza.<\/p>\n\n\n\n<p>Adem\u00e1s, como novedad, esta edici\u00f3n ha lanzado el proyecto &#8216;Form-Art-E&#8217;. Se trata de una serie de charlas y talleres adicionales sobre cultura, arte, creatividad, gesti\u00f3n emocional, networking y branding, dise\u00f1ados para enriquecer a los alumnos m\u00e1s all\u00e1 de la formaci\u00f3n musical.<\/p>\n","protected":false},"excerpt":{"rendered":"<p>Hoy ha dado comienzo la IV edici\u00f3n del Campus Musical Vicky Foods, que se llevar\u00e1 a cabo hasta el pr\u00f3ximo viernes. Durante estos cinco d\u00edas, 126 participantes de toda Espa\u00f1a e incluso de Suiza se unir\u00e1n a esta iniciativa. Seg\u00fan el director del Campus, Vicent Mengual, &#8220;el Campus busca complementar la formaci\u00f3n que los estudiantes&#8230;<\/p>\n","protected":false},"author":1,"featured_media":4326,"comment_status":"open","ping_status":"open","sticky":false,"template":"","format":"standard","meta":{"footnotes":""},"categories":[1,27],"tags":[],"class_list":["post-4325","post","type-post","status-publish","format-standard","has-post-thumbnail","hentry","category-actualidad","category-sociedad"],"_links":{"self":[{"href":"https:\/\/infogandia.es\/index.php\/wp-json\/wp\/v2\/posts\/4325","targetHints":{"allow":["GET"]}}],"collection":[{"href":"https:\/\/infogandia.es\/index.php\/wp-json\/wp\/v2\/posts"}],"about":[{"href":"https:\/\/infogandia.es\/index.php\/wp-json\/wp\/v2\/types\/post"}],"author":[{"embeddable":true,"href":"https:\/\/infogandia.es\/index.php\/wp-json\/wp\/v2\/users\/1"}],"replies":[{"embeddable":true,"href":"https:\/\/infogandia.es\/index.php\/wp-json\/wp\/v2\/comments?post=4325"}],"version-history":[{"count":1,"href":"https:\/\/infogandia.es\/index.php\/wp-json\/wp\/v2\/posts\/4325\/revisions"}],"predecessor-version":[{"id":4327,"href":"https:\/\/infogandia.es\/index.php\/wp-json\/wp\/v2\/posts\/4325\/revisions\/4327"}],"wp:featuredmedia":[{"embeddable":true,"href":"https:\/\/infogandia.es\/index.php\/wp-json\/wp\/v2\/media\/4326"}],"wp:attachment":[{"href":"https:\/\/infogandia.es\/index.php\/wp-json\/wp\/v2\/media?parent=4325"}],"wp:term":[{"taxonomy":"category","embeddable":true,"href":"https:\/\/infogandia.es\/index.php\/wp-json\/wp\/v2\/categories?post=4325"},{"taxonomy":"post_tag","embeddable":true,"href":"https:\/\/infogandia.es\/index.php\/wp-json\/wp\/v2\/tags?post=4325"}],"curies":[{"name":"wp","href":"https:\/\/api.w.org\/{rel}","templated":true}]}}