{"id":4328,"date":"2024-07-22T15:08:10","date_gmt":"2024-07-22T15:08:10","guid":{"rendered":"https:\/\/infogandia.es\/?p=4328"},"modified":"2024-07-22T15:08:10","modified_gmt":"2024-07-22T15:08:10","slug":"gandia-y-generalitat-firman-el-protocolo-para-la-ejecucion-del-centro-integrado-de-formacion-profesional","status":"publish","type":"post","link":"https:\/\/infogandia.es\/index.php\/2024\/07\/22\/gandia-y-generalitat-firman-el-protocolo-para-la-ejecucion-del-centro-integrado-de-formacion-profesional\/","title":{"rendered":"Gandia y Generalitat firman el protocolo para la ejecuci\u00f3n del Centro Integrado de Formaci\u00f3n Profesional"},"content":{"rendered":"\n<p><strong>Jos\u00e9 Manuel Prieto: &#8220;Estamos ante el proyecto estrat\u00e9gico m\u00e1s importante para los pr\u00f3ximos a\u00f1os y legislaturas&#8221;<\/strong><\/p>\n\n\n\n<p><strong>El centro ofrecer\u00e1 24 ciclos formativos + CEFIRE y contar\u00e1 con una inversi\u00f3n de 22,6 millones de euros<\/strong><\/p>\n\n\n\n<p><strong><em>&#8220;Hoy es un d\u00eda importante para Gandia. Estamos ante el proyecto estrat\u00e9gico m\u00e1s importante que podemos trazar para los pr\u00f3ximos a\u00f1os y legislaturas&#8221;. <\/em><\/strong>Con estas palabras, el alcalde de Gandia, Jos\u00e9 Manuel Prieto, valor\u00f3 la firma del protocolo para la ejecuci\u00f3n del Centro Integrado de Formaci\u00f3n Profesional de la Safor. Este protocolo fue firmado entre la Generalitat Valenciana, representada por el Director General de Infraestructuras Educativas, Jos\u00e9 Mar\u00eda Larena, y el Ayuntamiento de Gandia.<\/p>\n\n\n\n<p>Tras la firma del documento, que tuvo lugar en el Sal\u00f3n Laval del Consistorio con la presencia de las concejalas Esther Sapena y Elena Moncho, Prieto record\u00f3 que este proyecto se empez\u00f3 a trabajar con la Conselleria durante la pasada legislatura. El gobierno municipal ya hab\u00eda cedido una parcela situada en el sector Beniopa-Passeig para la instalaci\u00f3n del centro. La infraestructura educativa contar\u00e1 con 24 ciclos formativos + CEFIRE y tendr\u00e1 una inversi\u00f3n de 22,6 millones de euros destinados a la construcci\u00f3n de un nuevo edificio en una parcela de 14.000 metros cuadrados.<\/p>\n\n\n\n<p><strong><em>&#8220;Gracias a la firma de este protocolo, establecemos un calendario en la hoja de ruta que refleja lo que ya hab\u00edamos acordado entre ambas administraciones&#8221;, <\/em><\/strong>explic\u00f3 Prieto. Indic\u00f3 que, si se cumplen los plazos, el anuncio de la licitaci\u00f3n para la contrataci\u00f3n de la redacci\u00f3n del proyecto y la direcci\u00f3n de obra comenzar\u00e1 en septiembre de 2024, lo que permitir\u00eda iniciar las obras en septiembre de 2025 y finalizarlas dos a\u00f1os despu\u00e9s.<\/p>\n\n\n\n<p>En su intervenci\u00f3n, el alcalde destac\u00f3 la colaboraci\u00f3n entre administraciones y empresas de la ciudad y la comarca, ya que mejorar\u00e1 los perfiles de los trabajadores. Resalt\u00f3 que <strong><em>&#8220;desde Gandia y la Safor estamos liderando la revoluci\u00f3n en la Formaci\u00f3n Profesional, que est\u00e1 siendo capaz de resolver las demandas de los sectores productivos y la empleabilidad de nuestros ciudadanos&#8221;<\/em><\/strong>. En este sentido, Prieto record\u00f3 que Gandia constituy\u00f3 el primer Consejo Territorial de la FP en la Comunidad Valenciana, enfocado en las necesidades reales de la ciudad y comarca, lo que ha resultado en este compromiso para el nuevo centro.<\/p>\n\n\n\n<p><strong><em>&#8220;Estamos trabajando para retener el talento, atraer a quienes se han ido y conseguir que el n\u00famero de ciudadanos que se incorporan a la poblaci\u00f3n activa siga creciendo, al igual que los afiliados a la Seguridad Social. Esto indica que estamos respondiendo a las necesidades de nuestros ciudadanos, de aquellos que deciden venir a vivir aqu\u00ed y de nuestros j\u00f3venes, para que puedan acceder a un mercado laboral cada vez m\u00e1s exigente y competitivo&#8221;<\/em><\/strong>, declar\u00f3 el alcalde.<\/p>\n\n\n\n<p>Para concluir su intervenci\u00f3n, Prieto reafirm\u00f3 su convicci\u00f3n de que &#8220;estamos ante la legislatura de las oportunidades y las inversiones. La legislatura de la gran transformaci\u00f3n de Gandia&#8221;, y agradeci\u00f3 al director general su implicaci\u00f3n en el proyecto.<\/p>\n\n\n\n<p>Por su parte, Larena destac\u00f3 <strong><em>&#8220;el gran trabajo realizado entre ambas administraciones&#8221;<\/em><\/strong>, y puso esta firma como ejemplo de colaboraci\u00f3n entre la Generalitat y los ayuntamientos. <strong><em>&#8220;Estamos muy satisfechos con el acuerdo porque creemos y confiamos que ser\u00e1 fundamental para mejorar la empleabilidad de la zona gracias a un centro que ser\u00e1 puntero en su entorno&#8221;.<\/em><\/strong><\/p>\n","protected":false},"excerpt":{"rendered":"<p>Jos\u00e9 Manuel Prieto: &#8220;Estamos ante el proyecto estrat\u00e9gico m\u00e1s importante para los pr\u00f3ximos a\u00f1os y legislaturas&#8221; El centro ofrecer\u00e1 24 ciclos formativos + CEFIRE y contar\u00e1 con una inversi\u00f3n de 22,6 millones de euros &#8220;Hoy es un d\u00eda importante para Gandia. Estamos ante el proyecto estrat\u00e9gico m\u00e1s importante que podemos trazar para los pr\u00f3ximos a\u00f1os&#8230;<\/p>\n","protected":false},"author":1,"featured_media":4329,"comment_status":"open","ping_status":"open","sticky":false,"template":"","format":"standard","meta":{"footnotes":""},"categories":[1,5],"tags":[],"class_list":["post-4328","post","type-post","status-publish","format-standard","has-post-thumbnail","hentry","category-actualidad","category-educacion"],"_links":{"self":[{"href":"https:\/\/infogandia.es\/index.php\/wp-json\/wp\/v2\/posts\/4328","targetHints":{"allow":["GET"]}}],"collection":[{"href":"https:\/\/infogandia.es\/index.php\/wp-json\/wp\/v2\/posts"}],"about":[{"href":"https:\/\/infogandia.es\/index.php\/wp-json\/wp\/v2\/types\/post"}],"author":[{"embeddable":true,"href":"https:\/\/infogandia.es\/index.php\/wp-json\/wp\/v2\/users\/1"}],"replies":[{"embeddable":true,"href":"https:\/\/infogandia.es\/index.php\/wp-json\/wp\/v2\/comments?post=4328"}],"version-history":[{"count":1,"href":"https:\/\/infogandia.es\/index.php\/wp-json\/wp\/v2\/posts\/4328\/revisions"}],"predecessor-version":[{"id":4330,"href":"https:\/\/infogandia.es\/index.php\/wp-json\/wp\/v2\/posts\/4328\/revisions\/4330"}],"wp:featuredmedia":[{"embeddable":true,"href":"https:\/\/infogandia.es\/index.php\/wp-json\/wp\/v2\/media\/4329"}],"wp:attachment":[{"href":"https:\/\/infogandia.es\/index.php\/wp-json\/wp\/v2\/media?parent=4328"}],"wp:term":[{"taxonomy":"category","embeddable":true,"href":"https:\/\/infogandia.es\/index.php\/wp-json\/wp\/v2\/categories?post=4328"},{"taxonomy":"post_tag","embeddable":true,"href":"https:\/\/infogandia.es\/index.php\/wp-json\/wp\/v2\/tags?post=4328"}],"curies":[{"name":"wp","href":"https:\/\/api.w.org\/{rel}","templated":true}]}}