{"id":4366,"date":"2024-09-02T15:38:28","date_gmt":"2024-09-02T15:38:28","guid":{"rendered":"https:\/\/infogandia.es\/?p=4366"},"modified":"2024-09-02T15:38:28","modified_gmt":"2024-09-02T15:38:28","slug":"el-guitarrista-ausias-parejo-clausura-amb-exit-el-cicle-a-la-llum-del-seu-amb-un-concert-memorable","status":"publish","type":"post","link":"https:\/\/infogandia.es\/index.php\/2024\/09\/02\/el-guitarrista-ausias-parejo-clausura-amb-exit-el-cicle-a-la-llum-del-seu-amb-un-concert-memorable\/","title":{"rendered":"El guitarrista Ausi\u00e0s Parejo clausura amb \u00e8xit el cicle &#8220;A la Llum del Seu&#8221; amb un concert memorable"},"content":{"rendered":"\n<p>Ahir a la nit, el reconegut guitarrista Ausi\u00e0s Parejo va ser l&#8217;encarregat de tancar amb gran \u00e8xit el cicle de concerts &#8220;A la Llum del Seu&#8221;, una iniciativa musical que ha captivat a la ciutat de Gandia durant les darreres setmanes. L&#8217;actuaci\u00f3 va tenir lloc a la majestuosa Col\u00b7legiata de Santa Maria, on Parejo va oferir una actuaci\u00f3 brillant que va deixar el p\u00fablic encantat.<\/p>\n\n\n\n<p>L&#8217;esdeveniment va comptar amb la pres\u00e8ncia destacada de l&#8217;alcalde de Gandia, Jos\u00e9 Manuel Prieto, aix\u00ed com de la regidora delegada de Cultura, Balbina Sendra, i altres representants del consistori. La seva assist\u00e8ncia va ser un gest de suport a aquesta proposta cultural i tur\u00edstica que ha tingut com a principal objectiu recaptar fons per a la restauraci\u00f3 de la hist\u00f2rica Col\u00b7legiata.<\/p>\n\n\n\n<figure class=\"wp-block-image size-large\"><img fetchpriority=\"high\" decoding=\"async\" width=\"1024\" height=\"683\" src=\"http:\/\/infogandia.es\/wp-content\/uploads\/2024\/09\/240831-frances_240831_1961-1024x683.jpg\" alt=\"\" class=\"wp-image-4368\" srcset=\"https:\/\/infogandia.es\/wp-content\/uploads\/2024\/09\/240831-frances_240831_1961-1024x683.jpg 1024w, https:\/\/infogandia.es\/wp-content\/uploads\/2024\/09\/240831-frances_240831_1961-300x200.jpg 300w, https:\/\/infogandia.es\/wp-content\/uploads\/2024\/09\/240831-frances_240831_1961-768x512.jpg 768w, https:\/\/infogandia.es\/wp-content\/uploads\/2024\/09\/240831-frances_240831_1961-1536x1024.jpg 1536w, https:\/\/infogandia.es\/wp-content\/uploads\/2024\/09\/240831-frances_240831_1961-600x400.jpg 600w, https:\/\/infogandia.es\/wp-content\/uploads\/2024\/09\/240831-frances_240831_1961.jpg 1600w\" sizes=\"(max-width: 1024px) 100vw, 1024px\" \/><\/figure>\n\n\n\n<p>&#8220;A la Llum del Seu&#8221; ha aconseguit atreure prop de 2.000 persones als diferents concerts que s&#8217;han organitzat dins d&#8217;aquest cicle. L&#8217;alta participaci\u00f3 ha estat una mostra de l&#8217;inter\u00e8s i l&#8217;entusiasme que la ciutadania de Gandia ha mostrat per la combinaci\u00f3 d&#8217;art, m\u00fasica i patrimoni, tot emmarcat en un entorn tan singular com \u00e9s la Col\u00b7legiata.<\/p>\n\n\n\n<p>El cicle ha destacat no nom\u00e9s per la qualitat dels artistes participants, sin\u00f3 tamb\u00e9 pel seu comprom\u00eds amb la conservaci\u00f3 del patrimoni local. Els fons recaptats amb les entrades dels concerts es destinaran a la restauraci\u00f3 de la Col\u00b7legiata, un edifici emblem\u00e0tic de la ciutat que necessita intervencions per mantenir el seu esplendor i garantir la seva preservaci\u00f3 per a futures generacions.<\/p>\n\n\n\n<p>Amb la clausura d&#8217;aquest cicle, la ciutat de Gandia refor\u00e7a la seva aposta per la cultura i el patrimoni com a eixos fonamentals per al desenvolupament tur\u00edstic i social, consolidant-se com un referent en l&#8217;organitzaci\u00f3 d&#8217;esdeveniments que uneixen la hist\u00f2ria i l&#8217;art en un mateix escenari.<\/p>\n\n\n\n<p><\/p>\n\n\n\n<figure class=\"wp-block-gallery has-nested-images columns-default is-cropped wp-block-gallery-1 is-layout-flex wp-block-gallery-is-layout-flex\">\n<figure class=\"wp-block-image size-large\"><img decoding=\"async\" width=\"1024\" height=\"683\" data-id=\"4372\" src=\"https:\/\/infogandia.es\/wp-content\/uploads\/2024\/09\/240831-frances_240831_2005-1024x683.jpg\" alt=\"\" class=\"wp-image-4372\" srcset=\"https:\/\/infogandia.es\/wp-content\/uploads\/2024\/09\/240831-frances_240831_2005-1024x683.jpg 1024w, https:\/\/infogandia.es\/wp-content\/uploads\/2024\/09\/240831-frances_240831_2005-300x200.jpg 300w, https:\/\/infogandia.es\/wp-content\/uploads\/2024\/09\/240831-frances_240831_2005-768x512.jpg 768w, https:\/\/infogandia.es\/wp-content\/uploads\/2024\/09\/240831-frances_240831_2005-1536x1024.jpg 1536w, https:\/\/infogandia.es\/wp-content\/uploads\/2024\/09\/240831-frances_240831_2005-600x400.jpg 600w, https:\/\/infogandia.es\/wp-content\/uploads\/2024\/09\/240831-frances_240831_2005.jpg 1600w\" sizes=\"(max-width: 1024px) 100vw, 1024px\" \/><\/figure>\n\n\n\n<figure class=\"wp-block-image size-large\"><img decoding=\"async\" width=\"1024\" height=\"683\" data-id=\"4370\" src=\"https:\/\/infogandia.es\/wp-content\/uploads\/2024\/09\/240831-frances_240831_1976-1024x683.jpg\" alt=\"\" class=\"wp-image-4370\" srcset=\"https:\/\/infogandia.es\/wp-content\/uploads\/2024\/09\/240831-frances_240831_1976-1024x683.jpg 1024w, https:\/\/infogandia.es\/wp-content\/uploads\/2024\/09\/240831-frances_240831_1976-300x200.jpg 300w, https:\/\/infogandia.es\/wp-content\/uploads\/2024\/09\/240831-frances_240831_1976-768x512.jpg 768w, https:\/\/infogandia.es\/wp-content\/uploads\/2024\/09\/240831-frances_240831_1976-1536x1024.jpg 1536w, https:\/\/infogandia.es\/wp-content\/uploads\/2024\/09\/240831-frances_240831_1976-600x400.jpg 600w, https:\/\/infogandia.es\/wp-content\/uploads\/2024\/09\/240831-frances_240831_1976.jpg 1600w\" sizes=\"(max-width: 1024px) 100vw, 1024px\" \/><\/figure>\n\n\n\n<figure class=\"wp-block-image size-large\"><img loading=\"lazy\" decoding=\"async\" width=\"1024\" height=\"683\" data-id=\"4369\" src=\"https:\/\/infogandia.es\/wp-content\/uploads\/2024\/09\/240831-frances_240831_1969-1024x683.jpg\" alt=\"\" class=\"wp-image-4369\" srcset=\"https:\/\/infogandia.es\/wp-content\/uploads\/2024\/09\/240831-frances_240831_1969-1024x683.jpg 1024w, https:\/\/infogandia.es\/wp-content\/uploads\/2024\/09\/240831-frances_240831_1969-300x200.jpg 300w, https:\/\/infogandia.es\/wp-content\/uploads\/2024\/09\/240831-frances_240831_1969-768x512.jpg 768w, https:\/\/infogandia.es\/wp-content\/uploads\/2024\/09\/240831-frances_240831_1969-1536x1024.jpg 1536w, https:\/\/infogandia.es\/wp-content\/uploads\/2024\/09\/240831-frances_240831_1969-600x400.jpg 600w, https:\/\/infogandia.es\/wp-content\/uploads\/2024\/09\/240831-frances_240831_1969.jpg 1600w\" sizes=\"(max-width: 1024px) 100vw, 1024px\" \/><\/figure>\n<\/figure>\n","protected":false},"excerpt":{"rendered":"<p>Ahir a la nit, el reconegut guitarrista Ausi\u00e0s Parejo va ser l&#8217;encarregat de tancar amb gran \u00e8xit el cicle de concerts &#8220;A la Llum del Seu&#8221;, una iniciativa musical que ha captivat a la ciutat de Gandia durant les darreres setmanes. L&#8217;actuaci\u00f3 va tenir lloc a la majestuosa Col\u00b7legiata de Santa Maria, on Parejo va&#8230;<\/p>\n","protected":false},"author":1,"featured_media":4371,"comment_status":"open","ping_status":"open","sticky":false,"template":"","format":"standard","meta":{"footnotes":""},"categories":[1],"tags":[],"class_list":["post-4366","post","type-post","status-publish","format-standard","has-post-thumbnail","hentry","category-actualidad"],"_links":{"self":[{"href":"https:\/\/infogandia.es\/index.php\/wp-json\/wp\/v2\/posts\/4366","targetHints":{"allow":["GET"]}}],"collection":[{"href":"https:\/\/infogandia.es\/index.php\/wp-json\/wp\/v2\/posts"}],"about":[{"href":"https:\/\/infogandia.es\/index.php\/wp-json\/wp\/v2\/types\/post"}],"author":[{"embeddable":true,"href":"https:\/\/infogandia.es\/index.php\/wp-json\/wp\/v2\/users\/1"}],"replies":[{"embeddable":true,"href":"https:\/\/infogandia.es\/index.php\/wp-json\/wp\/v2\/comments?post=4366"}],"version-history":[{"count":1,"href":"https:\/\/infogandia.es\/index.php\/wp-json\/wp\/v2\/posts\/4366\/revisions"}],"predecessor-version":[{"id":4373,"href":"https:\/\/infogandia.es\/index.php\/wp-json\/wp\/v2\/posts\/4366\/revisions\/4373"}],"wp:featuredmedia":[{"embeddable":true,"href":"https:\/\/infogandia.es\/index.php\/wp-json\/wp\/v2\/media\/4371"}],"wp:attachment":[{"href":"https:\/\/infogandia.es\/index.php\/wp-json\/wp\/v2\/media?parent=4366"}],"wp:term":[{"taxonomy":"category","embeddable":true,"href":"https:\/\/infogandia.es\/index.php\/wp-json\/wp\/v2\/categories?post=4366"},{"taxonomy":"post_tag","embeddable":true,"href":"https:\/\/infogandia.es\/index.php\/wp-json\/wp\/v2\/tags?post=4366"}],"curies":[{"name":"wp","href":"https:\/\/api.w.org\/{rel}","templated":true}]}}