{"id":4378,"date":"2024-09-02T15:45:17","date_gmt":"2024-09-02T15:45:17","guid":{"rendered":"https:\/\/infogandia.es\/?p=4378"},"modified":"2024-09-02T15:45:17","modified_gmt":"2024-09-02T15:45:17","slug":"gandia-inicia-el-curso-politico-con-nuevas-inversiones-para-impulsar-la-tercera-transformacion-de-la-ciudad","status":"publish","type":"post","link":"https:\/\/infogandia.es\/index.php\/2024\/09\/02\/gandia-inicia-el-curso-politico-con-nuevas-inversiones-para-impulsar-la-tercera-transformacion-de-la-ciudad\/","title":{"rendered":"Gandia inicia el curso pol\u00edtico con nuevas inversiones para impulsar la tercera transformaci\u00f3n de la ciudad"},"content":{"rendered":"\n<p>El gobierno de Gandia ha comenzado el nuevo curso pol\u00edtico con un plan de inversiones dise\u00f1ado para impulsar la &#8220;tercera gran transformaci\u00f3n&#8221; de la ciudad, seg\u00fan ha anunciado esta ma\u00f1ana el alcalde Jos\u00e9 Manuel Prieto en un encuentro con la prensa. Acompa\u00f1ado por las tenientes de alcalde Al\u00edcia Izquierdo y Balbina Sendra, Prieto ha subrayado que el objetivo principal es consolidar Gandia como capital de las Comarcas Centrales y como uno de los motores econ\u00f3micos de la Comunidad Valenciana.<\/p>\n\n\n\n<p>Entre las iniciativas destacadas, se han anunciado obras en varios puntos estrat\u00e9gicos de la ciudad, incluyendo la rehabilitaci\u00f3n del Mercado del Prado, la humanizaci\u00f3n del entorno del ayuntamiento y la mejora de tres pol\u00edgonos industriales. Tambi\u00e9n se prev\u00e9 la construcci\u00f3n de un dep\u00f3sito de tormentas en el Clot de la Mota y la renovaci\u00f3n del campanario de la Seu. Estas actuaciones, junto con otros proyectos como la creaci\u00f3n del Centro de Convivencia Marcel\u00b7l\u00ed P\u00e9rez y varias intervenciones en el polideportivo, son clave para el desarrollo urbano de Gandia.<\/p>\n\n\n\n<p>Una de las noticias m\u00e1s relevantes es el inicio, en el mismo d\u00eda, de las obras de construcci\u00f3n de un hotel boutique de cuatro estrellas en la Ducal, que se prev\u00e9 genere 25 puestos de trabajo directos y 50 indirectos. Prieto ha remarcado la importancia de este proyecto como parte de la estrategia para posicionar a Gandia como un destino tur\u00edstico de calidad, e insisti\u00f3 en la necesidad de crear una marca tur\u00edstica propia que permita aumentar la promoci\u00f3n y atraer nuevas inversiones.<\/p>\n\n\n\n<p>El 23 de septiembre comenzar\u00e1n las obras de urbanizaci\u00f3n del pol\u00edgono Sanxo Llop, una inversi\u00f3n de 17,15 millones de euros que pretende revitalizar la industria local y facilitar la implantaci\u00f3n de nuevas empresas. Adem\u00e1s, se prev\u00e9 la ampliaci\u00f3n del terreno industrial y mejoras en los pol\u00edgonos Alcodar, Benieto y Rajolar. El gobierno municipal tambi\u00e9n tiene previsto reformar la ordenanza de convivencia para aumentar las sanciones contra comportamientos inc\u00edvicos, dentro del marco de un nuevo Pacto por el Civismo que involucra a agentes sociales y partidos pol\u00edticos.<\/p>\n\n\n\n<p>En cuanto al \u00e1mbito econ\u00f3mico, Prieto ha celebrado los buenos indicadores econ\u00f3micos de la ciudad, destacando que el n\u00famero de afiliados a la Seguridad Social ha alcanzado las 23.784 personas, la cifra m\u00e1s alta de los \u00faltimos 15 a\u00f1os. Tambi\u00e9n resalt\u00f3 que la deuda municipal se ha reducido en 93 millones de euros desde 2015, una mejora que coloca a Gandia en un camino de sostenibilidad financiera moderada seg\u00fan la Autoridad Independiente de Responsabilidad Fiscal.<\/p>\n\n\n\n<p>Por otro lado, la primera teniente de alcalde, Al\u00edcia Izquierdo, ha destacado la madurez y experiencia del gobierno actual, lo que permite afrontar los retos del siglo XXI con determinaci\u00f3n. Izquierdo ha anunciado diversas iniciativas en materia de sostenibilidad e inclusi\u00f3n social, como la contrataci\u00f3n de la Fundaci\u00f3n Espurna para el mantenimiento de zonas verdes, con perspectiva de inclusi\u00f3n social.<\/p>\n\n\n\n<p>Finalmente, se destacaron planes estrat\u00e9gicos en materia de patrimonio y medio ambiente, as\u00ed como nuevos proyectos en educaci\u00f3n y vivienda, que se implementar\u00e1n a lo largo del pr\u00f3ximo a\u00f1o. Izquierdo subray\u00f3 la importancia de estas acciones para hacer de Gandia una ciudad m\u00e1s inclusiva, sostenible y preparada para los retos futuros, como la emergencia clim\u00e1tica.<\/p>\n","protected":false},"excerpt":{"rendered":"<p>El gobierno de Gandia ha comenzado el nuevo curso pol\u00edtico con un plan de inversiones dise\u00f1ado para impulsar la &#8220;tercera gran transformaci\u00f3n&#8221; de la ciudad, seg\u00fan ha anunciado esta ma\u00f1ana el alcalde Jos\u00e9 Manuel Prieto en un encuentro con la prensa. Acompa\u00f1ado por las tenientes de alcalde Al\u00edcia Izquierdo y Balbina Sendra, Prieto ha subrayado&#8230;<\/p>\n","protected":false},"author":1,"featured_media":4379,"comment_status":"open","ping_status":"open","sticky":false,"template":"","format":"standard","meta":{"footnotes":""},"categories":[1,3,27],"tags":[],"class_list":["post-4378","post","type-post","status-publish","format-standard","has-post-thumbnail","hentry","category-actualidad","category-politica","category-sociedad"],"_links":{"self":[{"href":"https:\/\/infogandia.es\/index.php\/wp-json\/wp\/v2\/posts\/4378","targetHints":{"allow":["GET"]}}],"collection":[{"href":"https:\/\/infogandia.es\/index.php\/wp-json\/wp\/v2\/posts"}],"about":[{"href":"https:\/\/infogandia.es\/index.php\/wp-json\/wp\/v2\/types\/post"}],"author":[{"embeddable":true,"href":"https:\/\/infogandia.es\/index.php\/wp-json\/wp\/v2\/users\/1"}],"replies":[{"embeddable":true,"href":"https:\/\/infogandia.es\/index.php\/wp-json\/wp\/v2\/comments?post=4378"}],"version-history":[{"count":1,"href":"https:\/\/infogandia.es\/index.php\/wp-json\/wp\/v2\/posts\/4378\/revisions"}],"predecessor-version":[{"id":4380,"href":"https:\/\/infogandia.es\/index.php\/wp-json\/wp\/v2\/posts\/4378\/revisions\/4380"}],"wp:featuredmedia":[{"embeddable":true,"href":"https:\/\/infogandia.es\/index.php\/wp-json\/wp\/v2\/media\/4379"}],"wp:attachment":[{"href":"https:\/\/infogandia.es\/index.php\/wp-json\/wp\/v2\/media?parent=4378"}],"wp:term":[{"taxonomy":"category","embeddable":true,"href":"https:\/\/infogandia.es\/index.php\/wp-json\/wp\/v2\/categories?post=4378"},{"taxonomy":"post_tag","embeddable":true,"href":"https:\/\/infogandia.es\/index.php\/wp-json\/wp\/v2\/tags?post=4378"}],"curies":[{"name":"wp","href":"https:\/\/api.w.org\/{rel}","templated":true}]}}