{"id":4381,"date":"2024-09-02T16:12:07","date_gmt":"2024-09-02T16:12:07","guid":{"rendered":"https:\/\/infogandia.es\/?p=4381"},"modified":"2024-09-02T16:12:07","modified_gmt":"2024-09-02T16:12:07","slug":"la-colegiata-ha-ofrecido-conciertos-de-gran-calidad-para-el-publico-mas-sencillo","status":"publish","type":"post","link":"https:\/\/infogandia.es\/index.php\/2024\/09\/02\/la-colegiata-ha-ofrecido-conciertos-de-gran-calidad-para-el-publico-mas-sencillo\/","title":{"rendered":"La Colegiata ha ofrecido conciertos de gran calidad para el p\u00fablico m\u00e1s sencillo"},"content":{"rendered":"\n<p>El ciclo de conciertos &#8220;a la Llum de la Seu&#8221; concluye con gran satisfacci\u00f3n tras haber reunido a casi 2.000 personas en sus cuatro conciertos.<\/p>\n\n\n\n<p>La Insigne Colegiata de Gandia ha finalizado con \u00e9xito su primer ciclo de conciertos &#8220;a la Llum de la Seu&#8221;, que ha destacado por su elevado nivel musical y art\u00edstico. Desde la Colegiata se ha subrayado que estos conciertos han ofrecido una programaci\u00f3n variada que incluy\u00f3 \u00f3pera, m\u00fasica cl\u00e1sica e incluso G\u00f3spel, todos ellos de alta calidad, pensados para el p\u00fablico m\u00e1s sencillo y accesibles para todos los p\u00fablicos. &#8220;Con tan solo 10 o 20 euros, los asistentes han podido disfrutar de conciertos de gran envergadura musical&#8221;, se\u00f1alaron fuentes de la Colegiata de Gandia.<\/p>\n\n\n\n<p>El \u00faltimo concierto del ciclo estuvo a cargo del joven guitarrista Ausi\u00e0s Parejo, quien recientemente fue reconocido en el festival &#8220;Francisco T\u00e0rrega&#8221; de Benic\u00e0ssim. Este concierto en Gandia marc\u00f3 el cierre de la temporada de verano para Parejo. Durante aproximadamente 60 minutos, el guitarrista cautiv\u00f3 a un p\u00fablico diverso con su maestr\u00eda en la guitarra. La iluminaci\u00f3n con velas centr\u00f3 la atenci\u00f3n en el artista, creando una atm\u00f3sfera de recogimiento.<\/p>\n\n\n\n<p>Aproximadamente 2.000 personas asistieron a los cuatro conciertos de este ciclo, organizado en colaboraci\u00f3n entre el Departamento de Turismo del Ayuntamiento de Gandia y la Colegiata. El alcalde de Gandia, Jos\u00e9 Manuel Prieto, asisti\u00f3 para mostrar su apoyo a esta iniciativa, agradeciendo el inter\u00e9s de la Colegiata por integrarse en la oferta cultural y tur\u00edstica de la ciudad. Junto a \u00e9l estuvieron presentes la concejala de cultura y turismo, Balbina Sendra; el portavoz del grupo Popular y secretario primero de las Cortes Valencianas, V\u00edctor Soler; la teniente de alcalde, Liduvina Gil; y la concejala Mar Beltr\u00e1n. Tambi\u00e9n asistieron el abad \u00c1ngel Saneugenio y varios miembros de la Fundaci\u00f3n de la Comunidad Valenciana para la Restauraci\u00f3n de la Colegiata de Gandia, quienes expresaron su satisfacci\u00f3n por el \u00e9xito del ciclo y agradecieron la implicaci\u00f3n y colaboraci\u00f3n de todos los participantes. &#8220;Este ciclo ha llegado para quedarse&#8221;, afirmaron desde la Colegiata.<\/p>\n\n\n\n<p>De cara a la pr\u00f3xima temporada, ya se han identificado \u00e1reas de mejora y se han celebrado los logros alcanzados, como la impecable puesta en escena, la excelente sonoridad y la accesibilidad a trav\u00e9s de la venta de entradas, incluyendo la opci\u00f3n online. &#8220;Nunca en la historia de la Colegiata se ha estado tan abierta a la cultura y al turismo&#8221;, concluyeron las mismas fuentes.<\/p>\n","protected":false},"excerpt":{"rendered":"<p>El ciclo de conciertos &#8220;a la Llum de la Seu&#8221; concluye con gran satisfacci\u00f3n tras haber reunido a casi 2.000 personas en sus cuatro conciertos. La Insigne Colegiata de Gandia ha finalizado con \u00e9xito su primer ciclo de conciertos &#8220;a la Llum de la Seu&#8221;, que ha destacado por su elevado nivel musical y art\u00edstico&#8230;.<\/p>\n","protected":false},"author":1,"featured_media":4382,"comment_status":"open","ping_status":"open","sticky":false,"template":"","format":"standard","meta":{"footnotes":""},"categories":[1,27],"tags":[],"class_list":["post-4381","post","type-post","status-publish","format-standard","has-post-thumbnail","hentry","category-actualidad","category-sociedad"],"_links":{"self":[{"href":"https:\/\/infogandia.es\/index.php\/wp-json\/wp\/v2\/posts\/4381","targetHints":{"allow":["GET"]}}],"collection":[{"href":"https:\/\/infogandia.es\/index.php\/wp-json\/wp\/v2\/posts"}],"about":[{"href":"https:\/\/infogandia.es\/index.php\/wp-json\/wp\/v2\/types\/post"}],"author":[{"embeddable":true,"href":"https:\/\/infogandia.es\/index.php\/wp-json\/wp\/v2\/users\/1"}],"replies":[{"embeddable":true,"href":"https:\/\/infogandia.es\/index.php\/wp-json\/wp\/v2\/comments?post=4381"}],"version-history":[{"count":1,"href":"https:\/\/infogandia.es\/index.php\/wp-json\/wp\/v2\/posts\/4381\/revisions"}],"predecessor-version":[{"id":4383,"href":"https:\/\/infogandia.es\/index.php\/wp-json\/wp\/v2\/posts\/4381\/revisions\/4383"}],"wp:featuredmedia":[{"embeddable":true,"href":"https:\/\/infogandia.es\/index.php\/wp-json\/wp\/v2\/media\/4382"}],"wp:attachment":[{"href":"https:\/\/infogandia.es\/index.php\/wp-json\/wp\/v2\/media?parent=4381"}],"wp:term":[{"taxonomy":"category","embeddable":true,"href":"https:\/\/infogandia.es\/index.php\/wp-json\/wp\/v2\/categories?post=4381"},{"taxonomy":"post_tag","embeddable":true,"href":"https:\/\/infogandia.es\/index.php\/wp-json\/wp\/v2\/tags?post=4381"}],"curies":[{"name":"wp","href":"https:\/\/api.w.org\/{rel}","templated":true}]}}